{"id":2212,"date":"2023-10-10T17:25:00","date_gmt":"2023-10-10T15:25:00","guid":{"rendered":"https:\/\/moblesbaltasar.com\/?p=2212"},"modified":"2023-10-10T17:29:05","modified_gmt":"2023-10-10T15:29:05","slug":"reforma-vivienda-tonos-nordicos","status":"publish","type":"post","link":"https:\/\/moblesbaltasar.com\/ca\/reforma-vivienda-tonos-nordicos\/","title":{"rendered":"Los adolescentes tambi\u00e9n necesitan su espacio."},"content":{"rendered":"<div data-elementor-type=\"wp-post\" data-elementor-id=\"2212\" class=\"elementor elementor-2212\" data-elementor-post-type=\"post\">\n\t\t\t\t\t\t<section class=\"elementor-section elementor-top-section elementor-element elementor-element-bb1c40e elementor-section-boxed elementor-section-height-default elementor-section-height-default\" data-id=\"bb1c40e\" data-element_type=\"section\" data-e-type=\"section\">\n\t\t\t\t\t\t<div class=\"elementor-container elementor-column-gap-default\">\n\t\t\t\t\t<div class=\"elementor-column elementor-col-100 elementor-top-column elementor-element elementor-element-dfa0705\" data-id=\"dfa0705\" data-element_type=\"column\" data-e-type=\"column\">\n\t\t\t<div class=\"elementor-widget-wrap elementor-element-populated\">\n\t\t\t\t\t\t<div class=\"elementor-element elementor-element-faad820 elementor-widget elementor-widget-spacer\" data-id=\"faad820\" data-element_type=\"widget\" data-e-type=\"widget\" data-widget_type=\"spacer.default\">\n\t\t\t\t<div class=\"elementor-widget-container\">\n\t\t\t\t\t\t\t<div class=\"elementor-spacer\">\n\t\t\t<div class=\"elementor-spacer-inner\"><\/div>\n\t\t<\/div>\n\t\t\t\t\t\t<\/div>\n\t\t\t\t<\/div>\n\t\t\t\t<div class=\"elementor-element elementor-element-5aa5704 elementor-widget elementor-widget-text-editor\" data-id=\"5aa5704\" data-element_type=\"widget\" data-e-type=\"widget\" data-widget_type=\"text-editor.default\">\n\t\t\t\t<div class=\"elementor-widget-container\">\n\t\t\t\t\t\t\t\t\t<p><em>La transici\u00f3n de una habitaci\u00f3n infantil a una habitaci\u00f3n de adolescente<\/em> es un momento emocionante que merece ser celebrado y dise\u00f1ado cuidadosamente.<\/p><p>Nuestro cliente nos plante\u00f3 crear una visi\u00f3n clara y realista del espacio que se convertir\u00eda en el refugio de su hijo en crecimiento. Optamos por utilizar la tecnolog\u00eda de fotograf\u00edas 3D, lo que permiti\u00f3 a nuestro cliente visualizar con precisi\u00f3n c\u00f3mo se ver\u00eda la habitaci\u00f3n antes de realizar cualquier cambio f\u00edsico. Esta herramienta nos proporcion\u00f3 una visi\u00f3n detallada de las posibilidades y el potencial de la habitaci\u00f3n adolescente.<\/p><p>En cuanto a la iluminaci\u00f3n, optamos por integrar una luz LED indirecta en el cabecero frontal de la cama, que permiti\u00f3 una iluminaci\u00f3n suave y relajante para momentos de estudio o descanso. Adem\u00e1s, reconocimos la importancia de proteger las paredes de posibles da\u00f1os y manchas. Por lo tanto, incorporamos un cabecero y\/o arrimadero lateral que no solo cumpl\u00eda esta funci\u00f3n pr\u00e1ctica, sino que tambi\u00e9n aportaba un elemento estil\u00edstico a la habitaci\u00f3n.<\/p><p>En lo que respecta a la decoraci\u00f3n, elegimos utilizar papel en las paredes de los cabezales. Esta elecci\u00f3n no solo a\u00f1adi\u00f3 calidez al espacio, sino que tambi\u00e9n incorpor\u00f3 tonos neutrales y n\u00f3rdicos que crearon un ambiente relajante y vers\u00e1til.<\/p><p>Nuestro cliente expres\u00f3 su deseo de contar con un espejo de cuerpo entero que no solo cumpliera su funci\u00f3n pr\u00e1ctica, sino que tambi\u00e9n a\u00f1adiera un toque de elegancia y estilo al espacio.<\/p><p>Estamos encantados de haber sido parte de esta transformaci\u00f3n y esperamos que este espacio sea un reflejo perfecto de la evoluci\u00f3n de un ni\u00f1o en un adolescente, un lugar donde pueden crecer, relajarse y expresarse plenamente.<\/p>\t\t\t\t\t\t\t\t<\/div>\n\t\t\t\t<\/div>\n\t\t\t\t<div class=\"elementor-element elementor-element-2c3f1b7 elementor-widget elementor-widget-spacer\" data-id=\"2c3f1b7\" data-element_type=\"widget\" data-e-type=\"widget\" data-widget_type=\"spacer.default\">\n\t\t\t\t<div class=\"elementor-widget-container\">\n\t\t\t\t\t\t\t<div class=\"elementor-spacer\">\n\t\t\t<div class=\"elementor-spacer-inner\"><\/div>\n\t\t<\/div>\n\t\t\t\t\t\t<\/div>\n\t\t\t\t<\/div>\n\t\t\t\t<div class=\"elementor-element elementor-element-853b770 elementor-widget elementor-widget-gallery\" data-id=\"853b770\" data-element_type=\"widget\" data-e-type=\"widget\" data-settings=\"{&quot;gallery_layout&quot;:&quot;masonry&quot;,&quot;columns&quot;:2,&quot;lazyload&quot;:&quot;yes&quot;,&quot;columns_tablet&quot;:2,&quot;columns_mobile&quot;:1,&quot;gap&quot;:{&quot;unit&quot;:&quot;px&quot;,&quot;size&quot;:10,&quot;sizes&quot;:[]},&quot;gap_tablet&quot;:{&quot;unit&quot;:&quot;px&quot;,&quot;size&quot;:10,&quot;sizes&quot;:[]},&quot;gap_mobile&quot;:{&quot;unit&quot;:&quot;px&quot;,&quot;size&quot;:10,&quot;sizes&quot;:[]},&quot;link_to&quot;:&quot;file&quot;,&quot;overlay_background&quot;:&quot;yes&quot;,&quot;content_hover_animation&quot;:&quot;fade-in&quot;}\" data-widget_type=\"gallery.default\">\n\t\t\t\t<div class=\"elementor-widget-container\">\n\t\t\t\t\t\t\t<div class=\"elementor-gallery__container\">\n\t\t\t\t\t\t\t<a class=\"e-gallery-item elementor-gallery-item elementor-animated-content\" href=\"https:\/\/moblesbaltasar.com\/wp-content\/uploads\/2023\/10\/vista-taula-estudi.jpg\" data-elementor-open-lightbox=\"yes\" data-elementor-lightbox-slideshow=\"853b770\" data-e-action-hash=\"#elementor-action%3Aaction%3Dlightbox%26settings%3DeyJpZCI6MjQxOSwidXJsIjoiaHR0cHM6XC9cL21vYmxlc2JhbHRhc2FyLmNvbVwvd3AtY29udGVudFwvdXBsb2Fkc1wvMjAyM1wvMTBcL3Zpc3RhLXRhdWxhLWVzdHVkaS5qcGciLCJzbGlkZXNob3ciOiI4NTNiNzcwIn0%3D\">\n\t\t\t\t\t<div class=\"e-gallery-image elementor-gallery-item__image\" data-thumbnail=\"https:\/\/moblesbaltasar.com\/wp-content\/uploads\/2023\/10\/vista-taula-estudi.jpg\" data-width=\"1200\" data-height=\"900\" aria-label=\"\" role=\"img\" ><\/div>\n\t\t\t\t\t\t\t\t\t\t\t<div class=\"elementor-gallery-item__overlay\"><\/div>\n\t\t\t\t\t\t\t\t\t\t\t\t\t\t<\/a>\n\t\t\t\t\t\t\t<a class=\"e-gallery-item elementor-gallery-item elementor-animated-content\" href=\"https:\/\/moblesbaltasar.com\/wp-content\/uploads\/2023\/10\/DETALL-CAPCAL.jpg\" data-elementor-open-lightbox=\"yes\" data-elementor-lightbox-slideshow=\"853b770\" data-e-action-hash=\"#elementor-action%3Aaction%3Dlightbox%26settings%3DeyJpZCI6MjQxNCwidXJsIjoiaHR0cHM6XC9cL21vYmxlc2JhbHRhc2FyLmNvbVwvd3AtY29udGVudFwvdXBsb2Fkc1wvMjAyM1wvMTBcL0RFVEFMTC1DQVBDQUwuanBnIiwic2xpZGVzaG93IjoiODUzYjc3MCJ9\">\n\t\t\t\t\t<div class=\"e-gallery-image elementor-gallery-item__image\" data-thumbnail=\"https:\/\/moblesbaltasar.com\/wp-content\/uploads\/2023\/10\/DETALL-CAPCAL.jpg\" data-width=\"1200\" data-height=\"900\" aria-label=\"\" role=\"img\" ><\/div>\n\t\t\t\t\t\t\t\t\t\t\t<div class=\"elementor-gallery-item__overlay\"><\/div>\n\t\t\t\t\t\t\t\t\t\t\t\t\t\t<\/a>\n\t\t\t\t\t\t\t<a class=\"e-gallery-item elementor-gallery-item elementor-animated-content\" href=\"https:\/\/moblesbaltasar.com\/wp-content\/uploads\/2023\/10\/VISTA-GENERAL-2.jpg\" data-elementor-open-lightbox=\"yes\" data-elementor-lightbox-slideshow=\"853b770\" data-e-action-hash=\"#elementor-action%3Aaction%3Dlightbox%26settings%3DeyJpZCI6MjQxNywidXJsIjoiaHR0cHM6XC9cL21vYmxlc2JhbHRhc2FyLmNvbVwvd3AtY29udGVudFwvdXBsb2Fkc1wvMjAyM1wvMTBcL1ZJU1RBLUdFTkVSQUwtMi5qcGciLCJzbGlkZXNob3ciOiI4NTNiNzcwIn0%3D\">\n\t\t\t\t\t<div class=\"e-gallery-image elementor-gallery-item__image\" data-thumbnail=\"https:\/\/moblesbaltasar.com\/wp-content\/uploads\/2023\/10\/VISTA-GENERAL-2.jpg\" data-width=\"1200\" data-height=\"900\" aria-label=\"\" role=\"img\" ><\/div>\n\t\t\t\t\t\t\t\t\t\t\t<div class=\"elementor-gallery-item__overlay\"><\/div>\n\t\t\t\t\t\t\t\t\t\t\t\t\t\t<\/a>\n\t\t\t\t\t\t\t<a class=\"e-gallery-item elementor-gallery-item elementor-animated-content\" href=\"https:\/\/moblesbaltasar.com\/wp-content\/uploads\/2023\/10\/VISTA-ARMARI.jpg\" data-elementor-open-lightbox=\"yes\" data-elementor-lightbox-slideshow=\"853b770\" data-e-action-hash=\"#elementor-action%3Aaction%3Dlightbox%26settings%3DeyJpZCI6MjQxNiwidXJsIjoiaHR0cHM6XC9cL21vYmxlc2JhbHRhc2FyLmNvbVwvd3AtY29udGVudFwvdXBsb2Fkc1wvMjAyM1wvMTBcL1ZJU1RBLUFSTUFSSS5qcGciLCJzbGlkZXNob3ciOiI4NTNiNzcwIn0%3D\">\n\t\t\t\t\t<div class=\"e-gallery-image elementor-gallery-item__image\" data-thumbnail=\"https:\/\/moblesbaltasar.com\/wp-content\/uploads\/2023\/10\/VISTA-ARMARI.jpg\" data-width=\"1200\" data-height=\"900\" aria-label=\"\" role=\"img\" ><\/div>\n\t\t\t\t\t\t\t\t\t\t\t<div class=\"elementor-gallery-item__overlay\"><\/div>\n\t\t\t\t\t\t\t\t\t\t\t\t\t\t<\/a>\n\t\t\t\t\t\t\t<a class=\"e-gallery-item elementor-gallery-item elementor-animated-content\" href=\"https:\/\/moblesbaltasar.com\/wp-content\/uploads\/2023\/10\/VISTA-GENERAL1.jpg\" data-elementor-open-lightbox=\"yes\" data-elementor-lightbox-slideshow=\"853b770\" data-e-action-hash=\"#elementor-action%3Aaction%3Dlightbox%26settings%3DeyJpZCI6MjQxOCwidXJsIjoiaHR0cHM6XC9cL21vYmxlc2JhbHRhc2FyLmNvbVwvd3AtY29udGVudFwvdXBsb2Fkc1wvMjAyM1wvMTBcL1ZJU1RBLUdFTkVSQUwxLmpwZyIsInNsaWRlc2hvdyI6Ijg1M2I3NzAifQ%3D%3D\">\n\t\t\t\t\t<div class=\"e-gallery-image elementor-gallery-item__image\" data-thumbnail=\"https:\/\/moblesbaltasar.com\/wp-content\/uploads\/2023\/10\/VISTA-GENERAL1.jpg\" data-width=\"1200\" data-height=\"900\" aria-label=\"\" role=\"img\" ><\/div>\n\t\t\t\t\t\t\t\t\t\t\t<div class=\"elementor-gallery-item__overlay\"><\/div>\n\t\t\t\t\t\t\t\t\t\t\t\t\t\t<\/a>\n\t\t\t\t\t<\/div>\n\t\t\t\t\t<\/div>\n\t\t\t\t<\/div>\n\t\t\t\t\t<\/div>\n\t\t<\/div>\n\t\t\t\t\t<\/div>\n\t\t<\/section>\n\t\t\t\t<\/div>","protected":false},"excerpt":{"rendered":"<p>La transici\u00f3n de una habitaci\u00f3n infantil a una habitaci\u00f3n de adolescente es un momento emocionante que merece ser celebrado y dise\u00f1ado cuidadosamente. Nuestro cliente nos plante\u00f3 crear una visi\u00f3n clara y realista del espacio que se convertir\u00eda en el refugio de su hijo en crecimiento. Optamos por utilizar la tecnolog\u00eda de fotograf\u00edas 3D, lo que [&hellip;]<\/p>\n","protected":false},"author":2,"featured_media":2419,"comment_status":"closed","ping_status":"closed","sticky":false,"template":"","format":"standard","meta":{"footnotes":""},"categories":[1],"tags":[23],"class_list":["post-2212","post","type-post","status-publish","format-standard","has-post-thumbnail","hentry","category-uncategorized","tag-proyectos"],"yoast_head":"<!-- This site is optimized with the Yoast SEO plugin v27.5 - https:\/\/yoast.com\/product\/yoast-seo-wordpress\/ -->\n<title>Los adolescentes tambi\u00e9n necesitan su espacio. - Mobles Baltasar<\/title>\n<meta name=\"robots\" content=\"index, follow, max-snippet:-1, max-image-preview:large, max-video-preview:-1\" \/>\n<link rel=\"canonical\" href=\"https:\/\/moblesbaltasar.com\/ca\/reforma-vivienda-tonos-nordicos\/\" \/>\n<meta property=\"og:locale\" content=\"ca_ES\" \/>\n<meta property=\"og:type\" content=\"article\" \/>\n<meta property=\"og:title\" content=\"Los adolescentes tambi\u00e9n necesitan su espacio. - Mobles Baltasar\" \/>\n<meta property=\"og:description\" content=\"La transici\u00f3n de una habitaci\u00f3n infantil a una habitaci\u00f3n de adolescente es un momento emocionante que merece ser celebrado y dise\u00f1ado cuidadosamente. Nuestro cliente nos plante\u00f3 crear una visi\u00f3n clara y realista del espacio que se convertir\u00eda en el refugio de su hijo en crecimiento. Optamos por utilizar la tecnolog\u00eda de fotograf\u00edas 3D, lo que [&hellip;]\" \/>\n<meta property=\"og:url\" content=\"https:\/\/moblesbaltasar.com\/ca\/reforma-vivienda-tonos-nordicos\/\" \/>\n<meta property=\"og:site_name\" content=\"Mobles Baltasar\" \/>\n<meta property=\"article:published_time\" content=\"2023-10-10T15:25:00+00:00\" \/>\n<meta property=\"article:modified_time\" content=\"2023-10-10T15:29:05+00:00\" \/>\n<meta property=\"og:image\" content=\"https:\/\/moblesbaltasar.com\/wp-content\/uploads\/2023\/10\/vista-taula-estudi.jpg\" \/>\n\t<meta property=\"og:image:width\" content=\"1200\" \/>\n\t<meta property=\"og:image:height\" content=\"900\" \/>\n\t<meta property=\"og:image:type\" content=\"image\/jpeg\" \/>\n<meta name=\"author\" content=\"admin\" \/>\n<meta name=\"twitter:card\" content=\"summary_large_image\" \/>\n<meta name=\"twitter:label1\" content=\"Escrit per\" \/>\n\t<meta name=\"twitter:data1\" content=\"admin\" \/>\n\t<meta name=\"twitter:label2\" content=\"Temps estimat de lectura\" \/>\n\t<meta name=\"twitter:data2\" content=\"2 minuts\" \/>\n<script type=\"application\/ld+json\" class=\"yoast-schema-graph\">{\"@context\":\"https:\\\/\\\/schema.org\",\"@graph\":[{\"@type\":\"Article\",\"@id\":\"https:\\\/\\\/moblesbaltasar.com\\\/reforma-vivienda-tonos-nordicos\\\/#article\",\"isPartOf\":{\"@id\":\"https:\\\/\\\/moblesbaltasar.com\\\/reforma-vivienda-tonos-nordicos\\\/\"},\"author\":{\"name\":\"admin\",\"@id\":\"https:\\\/\\\/moblesbaltasar.com\\\/#\\\/schema\\\/person\\\/ebc49c22cf82e3f0785c16c9efd6b5fe\"},\"headline\":\"Los adolescentes tambi\u00e9n necesitan su espacio.\",\"datePublished\":\"2023-10-10T15:25:00+00:00\",\"dateModified\":\"2023-10-10T15:29:05+00:00\",\"mainEntityOfPage\":{\"@id\":\"https:\\\/\\\/moblesbaltasar.com\\\/reforma-vivienda-tonos-nordicos\\\/\"},\"wordCount\":314,\"publisher\":{\"@id\":\"https:\\\/\\\/moblesbaltasar.com\\\/#organization\"},\"image\":{\"@id\":\"https:\\\/\\\/moblesbaltasar.com\\\/reforma-vivienda-tonos-nordicos\\\/#primaryimage\"},\"thumbnailUrl\":\"https:\\\/\\\/moblesbaltasar.com\\\/wp-content\\\/uploads\\\/2023\\\/10\\\/vista-taula-estudi.jpg\",\"keywords\":[\"Proyectos\"],\"articleSection\":[\"Uncategorized\"],\"inLanguage\":\"ca\"},{\"@type\":\"WebPage\",\"@id\":\"https:\\\/\\\/moblesbaltasar.com\\\/reforma-vivienda-tonos-nordicos\\\/\",\"url\":\"https:\\\/\\\/moblesbaltasar.com\\\/reforma-vivienda-tonos-nordicos\\\/\",\"name\":\"Los adolescentes tambi\u00e9n necesitan su espacio. - Mobles Baltasar\",\"isPartOf\":{\"@id\":\"https:\\\/\\\/moblesbaltasar.com\\\/#website\"},\"primaryImageOfPage\":{\"@id\":\"https:\\\/\\\/moblesbaltasar.com\\\/reforma-vivienda-tonos-nordicos\\\/#primaryimage\"},\"image\":{\"@id\":\"https:\\\/\\\/moblesbaltasar.com\\\/reforma-vivienda-tonos-nordicos\\\/#primaryimage\"},\"thumbnailUrl\":\"https:\\\/\\\/moblesbaltasar.com\\\/wp-content\\\/uploads\\\/2023\\\/10\\\/vista-taula-estudi.jpg\",\"datePublished\":\"2023-10-10T15:25:00+00:00\",\"dateModified\":\"2023-10-10T15:29:05+00:00\",\"breadcrumb\":{\"@id\":\"https:\\\/\\\/moblesbaltasar.com\\\/reforma-vivienda-tonos-nordicos\\\/#breadcrumb\"},\"inLanguage\":\"ca\",\"potentialAction\":[{\"@type\":\"ReadAction\",\"target\":[\"https:\\\/\\\/moblesbaltasar.com\\\/reforma-vivienda-tonos-nordicos\\\/\"]}]},{\"@type\":\"ImageObject\",\"inLanguage\":\"ca\",\"@id\":\"https:\\\/\\\/moblesbaltasar.com\\\/reforma-vivienda-tonos-nordicos\\\/#primaryimage\",\"url\":\"https:\\\/\\\/moblesbaltasar.com\\\/wp-content\\\/uploads\\\/2023\\\/10\\\/vista-taula-estudi.jpg\",\"contentUrl\":\"https:\\\/\\\/moblesbaltasar.com\\\/wp-content\\\/uploads\\\/2023\\\/10\\\/vista-taula-estudi.jpg\",\"width\":1200,\"height\":900},{\"@type\":\"BreadcrumbList\",\"@id\":\"https:\\\/\\\/moblesbaltasar.com\\\/reforma-vivienda-tonos-nordicos\\\/#breadcrumb\",\"itemListElement\":[{\"@type\":\"ListItem\",\"position\":1,\"name\":\"Portada\",\"item\":\"https:\\\/\\\/moblesbaltasar.com\\\/\"},{\"@type\":\"ListItem\",\"position\":2,\"name\":\"Los adolescentes tambi\u00e9n necesitan su espacio.\"}]},{\"@type\":\"WebSite\",\"@id\":\"https:\\\/\\\/moblesbaltasar.com\\\/#website\",\"url\":\"https:\\\/\\\/moblesbaltasar.com\\\/\",\"name\":\"Mobles Baltasar\",\"description\":\"El sitio d\u00f3nde se empieza a crear tu espacio\",\"publisher\":{\"@id\":\"https:\\\/\\\/moblesbaltasar.com\\\/#organization\"},\"potentialAction\":[{\"@type\":\"SearchAction\",\"target\":{\"@type\":\"EntryPoint\",\"urlTemplate\":\"https:\\\/\\\/moblesbaltasar.com\\\/?s={search_term_string}\"},\"query-input\":{\"@type\":\"PropertyValueSpecification\",\"valueRequired\":true,\"valueName\":\"search_term_string\"}}],\"inLanguage\":\"ca\"},{\"@type\":\"Organization\",\"@id\":\"https:\\\/\\\/moblesbaltasar.com\\\/#organization\",\"name\":\"Mobles Baltasar\",\"url\":\"https:\\\/\\\/moblesbaltasar.com\\\/\",\"logo\":{\"@type\":\"ImageObject\",\"inLanguage\":\"ca\",\"@id\":\"https:\\\/\\\/moblesbaltasar.com\\\/#\\\/schema\\\/logo\\\/image\\\/\",\"url\":\"https:\\\/\\\/moblesbaltasar.com\\\/wp-content\\\/uploads\\\/2023\\\/07\\\/Mobles-Baltasar-logo-verd-fort.png\",\"contentUrl\":\"https:\\\/\\\/moblesbaltasar.com\\\/wp-content\\\/uploads\\\/2023\\\/07\\\/Mobles-Baltasar-logo-verd-fort.png\",\"width\":400,\"height\":93,\"caption\":\"Mobles Baltasar\"},\"image\":{\"@id\":\"https:\\\/\\\/moblesbaltasar.com\\\/#\\\/schema\\\/logo\\\/image\\\/\"}},{\"@type\":\"Person\",\"@id\":\"https:\\\/\\\/moblesbaltasar.com\\\/#\\\/schema\\\/person\\\/ebc49c22cf82e3f0785c16c9efd6b5fe\",\"name\":\"admin\",\"image\":{\"@type\":\"ImageObject\",\"inLanguage\":\"ca\",\"@id\":\"https:\\\/\\\/secure.gravatar.com\\\/avatar\\\/a775623430216bd5424016f1018890920fc13a9d964465c6c4133310bf4e30a2?s=96&d=mm&r=g\",\"url\":\"https:\\\/\\\/secure.gravatar.com\\\/avatar\\\/a775623430216bd5424016f1018890920fc13a9d964465c6c4133310bf4e30a2?s=96&d=mm&r=g\",\"contentUrl\":\"https:\\\/\\\/secure.gravatar.com\\\/avatar\\\/a775623430216bd5424016f1018890920fc13a9d964465c6c4133310bf4e30a2?s=96&d=mm&r=g\",\"caption\":\"admin\"},\"url\":\"https:\\\/\\\/moblesbaltasar.com\\\/ca\\\/author\\\/admin\\\/\"}]}<\/script>\n<!-- \/ Yoast SEO plugin. -->","yoast_head_json":{"title":"Los adolescentes tambi\u00e9n necesitan su espacio. - Mobles Baltasar","robots":{"index":"index","follow":"follow","max-snippet":"max-snippet:-1","max-image-preview":"max-image-preview:large","max-video-preview":"max-video-preview:-1"},"canonical":"https:\/\/moblesbaltasar.com\/ca\/reforma-vivienda-tonos-nordicos\/","og_locale":"ca_ES","og_type":"article","og_title":"Los adolescentes tambi\u00e9n necesitan su espacio. - Mobles Baltasar","og_description":"La transici\u00f3n de una habitaci\u00f3n infantil a una habitaci\u00f3n de adolescente es un momento emocionante que merece ser celebrado y dise\u00f1ado cuidadosamente. Nuestro cliente nos plante\u00f3 crear una visi\u00f3n clara y realista del espacio que se convertir\u00eda en el refugio de su hijo en crecimiento. Optamos por utilizar la tecnolog\u00eda de fotograf\u00edas 3D, lo que [&hellip;]","og_url":"https:\/\/moblesbaltasar.com\/ca\/reforma-vivienda-tonos-nordicos\/","og_site_name":"Mobles Baltasar","article_published_time":"2023-10-10T15:25:00+00:00","article_modified_time":"2023-10-10T15:29:05+00:00","og_image":[{"width":1200,"height":900,"url":"https:\/\/moblesbaltasar.com\/wp-content\/uploads\/2023\/10\/vista-taula-estudi.jpg","type":"image\/jpeg"}],"author":"admin","twitter_card":"summary_large_image","twitter_misc":{"Escrit per":"admin","Temps estimat de lectura":"2 minuts"},"schema":{"@context":"https:\/\/schema.org","@graph":[{"@type":"Article","@id":"https:\/\/moblesbaltasar.com\/reforma-vivienda-tonos-nordicos\/#article","isPartOf":{"@id":"https:\/\/moblesbaltasar.com\/reforma-vivienda-tonos-nordicos\/"},"author":{"name":"admin","@id":"https:\/\/moblesbaltasar.com\/#\/schema\/person\/ebc49c22cf82e3f0785c16c9efd6b5fe"},"headline":"Los adolescentes tambi\u00e9n necesitan su espacio.","datePublished":"2023-10-10T15:25:00+00:00","dateModified":"2023-10-10T15:29:05+00:00","mainEntityOfPage":{"@id":"https:\/\/moblesbaltasar.com\/reforma-vivienda-tonos-nordicos\/"},"wordCount":314,"publisher":{"@id":"https:\/\/moblesbaltasar.com\/#organization"},"image":{"@id":"https:\/\/moblesbaltasar.com\/reforma-vivienda-tonos-nordicos\/#primaryimage"},"thumbnailUrl":"https:\/\/moblesbaltasar.com\/wp-content\/uploads\/2023\/10\/vista-taula-estudi.jpg","keywords":["Proyectos"],"articleSection":["Uncategorized"],"inLanguage":"ca"},{"@type":"WebPage","@id":"https:\/\/moblesbaltasar.com\/reforma-vivienda-tonos-nordicos\/","url":"https:\/\/moblesbaltasar.com\/reforma-vivienda-tonos-nordicos\/","name":"Los adolescentes tambi\u00e9n necesitan su espacio. - Mobles Baltasar","isPartOf":{"@id":"https:\/\/moblesbaltasar.com\/#website"},"primaryImageOfPage":{"@id":"https:\/\/moblesbaltasar.com\/reforma-vivienda-tonos-nordicos\/#primaryimage"},"image":{"@id":"https:\/\/moblesbaltasar.com\/reforma-vivienda-tonos-nordicos\/#primaryimage"},"thumbnailUrl":"https:\/\/moblesbaltasar.com\/wp-content\/uploads\/2023\/10\/vista-taula-estudi.jpg","datePublished":"2023-10-10T15:25:00+00:00","dateModified":"2023-10-10T15:29:05+00:00","breadcrumb":{"@id":"https:\/\/moblesbaltasar.com\/reforma-vivienda-tonos-nordicos\/#breadcrumb"},"inLanguage":"ca","potentialAction":[{"@type":"ReadAction","target":["https:\/\/moblesbaltasar.com\/reforma-vivienda-tonos-nordicos\/"]}]},{"@type":"ImageObject","inLanguage":"ca","@id":"https:\/\/moblesbaltasar.com\/reforma-vivienda-tonos-nordicos\/#primaryimage","url":"https:\/\/moblesbaltasar.com\/wp-content\/uploads\/2023\/10\/vista-taula-estudi.jpg","contentUrl":"https:\/\/moblesbaltasar.com\/wp-content\/uploads\/2023\/10\/vista-taula-estudi.jpg","width":1200,"height":900},{"@type":"BreadcrumbList","@id":"https:\/\/moblesbaltasar.com\/reforma-vivienda-tonos-nordicos\/#breadcrumb","itemListElement":[{"@type":"ListItem","position":1,"name":"Portada","item":"https:\/\/moblesbaltasar.com\/"},{"@type":"ListItem","position":2,"name":"Los adolescentes tambi\u00e9n necesitan su espacio."}]},{"@type":"WebSite","@id":"https:\/\/moblesbaltasar.com\/#website","url":"https:\/\/moblesbaltasar.com\/","name":"Mobles Baltasar","description":"El sitio d\u00f3nde se empieza a crear tu espacio","publisher":{"@id":"https:\/\/moblesbaltasar.com\/#organization"},"potentialAction":[{"@type":"SearchAction","target":{"@type":"EntryPoint","urlTemplate":"https:\/\/moblesbaltasar.com\/?s={search_term_string}"},"query-input":{"@type":"PropertyValueSpecification","valueRequired":true,"valueName":"search_term_string"}}],"inLanguage":"ca"},{"@type":"Organization","@id":"https:\/\/moblesbaltasar.com\/#organization","name":"Mobles Baltasar","url":"https:\/\/moblesbaltasar.com\/","logo":{"@type":"ImageObject","inLanguage":"ca","@id":"https:\/\/moblesbaltasar.com\/#\/schema\/logo\/image\/","url":"https:\/\/moblesbaltasar.com\/wp-content\/uploads\/2023\/07\/Mobles-Baltasar-logo-verd-fort.png","contentUrl":"https:\/\/moblesbaltasar.com\/wp-content\/uploads\/2023\/07\/Mobles-Baltasar-logo-verd-fort.png","width":400,"height":93,"caption":"Mobles Baltasar"},"image":{"@id":"https:\/\/moblesbaltasar.com\/#\/schema\/logo\/image\/"}},{"@type":"Person","@id":"https:\/\/moblesbaltasar.com\/#\/schema\/person\/ebc49c22cf82e3f0785c16c9efd6b5fe","name":"admin","image":{"@type":"ImageObject","inLanguage":"ca","@id":"https:\/\/secure.gravatar.com\/avatar\/a775623430216bd5424016f1018890920fc13a9d964465c6c4133310bf4e30a2?s=96&d=mm&r=g","url":"https:\/\/secure.gravatar.com\/avatar\/a775623430216bd5424016f1018890920fc13a9d964465c6c4133310bf4e30a2?s=96&d=mm&r=g","contentUrl":"https:\/\/secure.gravatar.com\/avatar\/a775623430216bd5424016f1018890920fc13a9d964465c6c4133310bf4e30a2?s=96&d=mm&r=g","caption":"admin"},"url":"https:\/\/moblesbaltasar.com\/ca\/author\/admin\/"}]}},"_links":{"self":[{"href":"https:\/\/moblesbaltasar.com\/ca\/wp-json\/wp\/v2\/posts\/2212","targetHints":{"allow":["GET"]}}],"collection":[{"href":"https:\/\/moblesbaltasar.com\/ca\/wp-json\/wp\/v2\/posts"}],"about":[{"href":"https:\/\/moblesbaltasar.com\/ca\/wp-json\/wp\/v2\/types\/post"}],"author":[{"embeddable":true,"href":"https:\/\/moblesbaltasar.com\/ca\/wp-json\/wp\/v2\/users\/2"}],"replies":[{"embeddable":true,"href":"https:\/\/moblesbaltasar.com\/ca\/wp-json\/wp\/v2\/comments?post=2212"}],"version-history":[{"count":12,"href":"https:\/\/moblesbaltasar.com\/ca\/wp-json\/wp\/v2\/posts\/2212\/revisions"}],"predecessor-version":[{"id":2423,"href":"https:\/\/moblesbaltasar.com\/ca\/wp-json\/wp\/v2\/posts\/2212\/revisions\/2423"}],"wp:featuredmedia":[{"embeddable":true,"href":"https:\/\/moblesbaltasar.com\/ca\/wp-json\/wp\/v2\/media\/2419"}],"wp:attachment":[{"href":"https:\/\/moblesbaltasar.com\/ca\/wp-json\/wp\/v2\/media?parent=2212"}],"wp:term":[{"taxonomy":"category","embeddable":true,"href":"https:\/\/moblesbaltasar.com\/ca\/wp-json\/wp\/v2\/categories?post=2212"},{"taxonomy":"post_tag","embeddable":true,"href":"https:\/\/moblesbaltasar.com\/ca\/wp-json\/wp\/v2\/tags?post=2212"}],"curies":[{"name":"wp","href":"https:\/\/api.w.org\/{rel}","templated":true}]}}