{"id":2626,"date":"2023-10-10T17:04:33","date_gmt":"2023-10-10T15:04:33","guid":{"rendered":"https:\/\/moblesbaltasar.com\/?p=2626"},"modified":"2023-10-10T17:35:27","modified_gmt":"2023-10-10T15:35:27","slug":"el-hogar-de-los-pequenos-de-la-casa-2","status":"publish","type":"post","link":"https:\/\/moblesbaltasar.com\/ca\/el-hogar-de-los-pequenos-de-la-casa-2\/","title":{"rendered":"El hogar de los peque\u00f1os de la casa."},"content":{"rendered":"<div data-elementor-type=\"wp-post\" data-elementor-id=\"2626\" class=\"elementor elementor-2626\" data-elementor-post-type=\"post\">\n\t\t\t\t\t\t<section class=\"elementor-section elementor-top-section elementor-element elementor-element-3d24477 elementor-section-full_width elementor-section-height-default elementor-section-height-default\" data-id=\"3d24477\" data-element_type=\"section\" data-e-type=\"section\">\n\t\t\t\t\t\t<div class=\"elementor-container elementor-column-gap-default\">\n\t\t\t\t\t<div class=\"elementor-column elementor-col-100 elementor-top-column elementor-element elementor-element-7fda1e6\" data-id=\"7fda1e6\" data-element_type=\"column\" data-e-type=\"column\">\n\t\t\t<div class=\"elementor-widget-wrap elementor-element-populated\">\n\t\t\t\t\t\t<div class=\"elementor-element elementor-element-301e14e elementor-widget elementor-widget-spacer\" data-id=\"301e14e\" data-element_type=\"widget\" data-e-type=\"widget\" data-widget_type=\"spacer.default\">\n\t\t\t\t<div class=\"elementor-widget-container\">\n\t\t\t\t\t\t\t<div class=\"elementor-spacer\">\n\t\t\t<div class=\"elementor-spacer-inner\"><\/div>\n\t\t<\/div>\n\t\t\t\t\t\t<\/div>\n\t\t\t\t<\/div>\n\t\t\t\t<div class=\"elementor-element elementor-element-092c7f3 elementor-widget__width-initial elementor-widget elementor-widget-text-editor\" data-id=\"092c7f3\" data-element_type=\"widget\" data-e-type=\"widget\" data-widget_type=\"text-editor.default\">\n\t\t\t\t<div class=\"elementor-widget-container\">\n\t\t\t\t\t\t\t\t\t<p>En la reforma de este <strong>DORMITORIO INFANTIL<\/strong>, nos propusimos crear un espacio que <em>combine funcionalidad y estilo<\/em> para el <em>placer y comodidad de los peque\u00f1os.<\/em> Mantuvimos el armario existente y le dimos un toque fresco al pintarlo con <em>tonos neutros<\/em>, creando un lienzo vers\u00e1til para el dise\u00f1o general.<\/p><p>Uno de los elementos destacados de este dormitorio es el cabecero con almacenamiento alto, que no solo sirve como punto focal, sino que tambi\u00e9n proporciona un <em>espacio adicional<\/em> para guardar objetos y mantener el <em>espacio organizado.<\/em> Para a\u00f1adir una atm\u00f3sfera acogedora y reconfortante, incorporamos una <strong>estanter\u00eda con luz LED indirecta,<\/strong> que crea una <em>iluminaci\u00f3n suave y c\u00e1lida<\/em> en la habitaci\u00f3n. Adem\u00e1s, para proteger las paredes y a\u00f1adir un toque r\u00fastico y c\u00e1lido, incorporamos un arrimadero y\/o cabecero lateral con <strong>acabado de madera.<\/strong><\/p><p>La pared se convirti\u00f3 en un lienzo para la <em>creatividad y la personalizaci\u00f3n<\/em>. Elegimos un papel tapiz que aporta <em>textura y estilo,<\/em> y a\u00f1adimos <em><span style=\"text-decoration: underline;\">pegatinas infantiles<\/span><\/em> que agregan un <em>toque l\u00fadico y divertido al ambiente.<\/em><\/p><p>En la otra parte de la habitaci\u00f3n, nos aseguramos de que el almacenamiento estuviera al alcance de la mano con un mueble bajo dise\u00f1ado especialmente para guardar juguetes. Junto a \u00e9l, incorporamos una mesa de estudio que fomenta la <em>concentraci\u00f3n y la creatividad de los ni\u00f1os,<\/em> as\u00ed como estanter\u00edas altas expositivas para mostrar objetos especiales y crear un <span style=\"text-decoration: underline;\"><em>ambiente atractivo.<\/em><\/span><\/p><p>En este proyecto, nuestro enfoque fue enriquecer la experiencia de los ni\u00f1os en su propio <em><strong>espacio personal,<\/strong><\/em> al mismo tiempo que proporcionamos soluciones pr\u00e1cticas para el <em><strong>almacenamiento y el estudio.<\/strong><\/em><\/p>\t\t\t\t\t\t\t\t<\/div>\n\t\t\t\t<\/div>\n\t\t\t\t<div class=\"elementor-element elementor-element-b5c7568 elementor-widget elementor-widget-spacer\" data-id=\"b5c7568\" data-element_type=\"widget\" data-e-type=\"widget\" data-widget_type=\"spacer.default\">\n\t\t\t\t<div class=\"elementor-widget-container\">\n\t\t\t\t\t\t\t<div class=\"elementor-spacer\">\n\t\t\t<div class=\"elementor-spacer-inner\"><\/div>\n\t\t<\/div>\n\t\t\t\t\t\t<\/div>\n\t\t\t\t<\/div>\n\t\t\t\t<div class=\"elementor-element elementor-element-b851f17 elementor-widget elementor-widget-gallery\" data-id=\"b851f17\" data-element_type=\"widget\" data-e-type=\"widget\" data-settings=\"{&quot;gallery_layout&quot;:&quot;masonry&quot;,&quot;columns&quot;:2,&quot;lazyload&quot;:&quot;yes&quot;,&quot;columns_tablet&quot;:2,&quot;columns_mobile&quot;:1,&quot;gap&quot;:{&quot;unit&quot;:&quot;px&quot;,&quot;size&quot;:10,&quot;sizes&quot;:[]},&quot;gap_tablet&quot;:{&quot;unit&quot;:&quot;px&quot;,&quot;size&quot;:10,&quot;sizes&quot;:[]},&quot;gap_mobile&quot;:{&quot;unit&quot;:&quot;px&quot;,&quot;size&quot;:10,&quot;sizes&quot;:[]},&quot;link_to&quot;:&quot;file&quot;,&quot;overlay_background&quot;:&quot;yes&quot;,&quot;content_hover_animation&quot;:&quot;fade-in&quot;}\" data-widget_type=\"gallery.default\">\n\t\t\t\t<div class=\"elementor-widget-container\">\n\t\t\t\t\t\t\t<div class=\"elementor-gallery__container\">\n\t\t\t\t\t\t\t<a class=\"e-gallery-item elementor-gallery-item elementor-animated-content\" href=\"https:\/\/moblesbaltasar.com\/wp-content\/uploads\/2023\/10\/20220701_144739-scaled.jpg\" data-elementor-open-lightbox=\"yes\" data-elementor-lightbox-slideshow=\"b851f17\" data-e-action-hash=\"#elementor-action%3Aaction%3Dlightbox%26settings%3DeyJpZCI6MjYzMiwidXJsIjoiaHR0cHM6XC9cL21vYmxlc2JhbHRhc2FyLmNvbVwvd3AtY29udGVudFwvdXBsb2Fkc1wvMjAyM1wvMTBcLzIwMjIwNzAxXzE0NDczOS1zY2FsZWQuanBnIiwic2xpZGVzaG93IjoiYjg1MWYxNyJ9\">\n\t\t\t\t\t<div class=\"e-gallery-image elementor-gallery-item__image\" data-thumbnail=\"https:\/\/moblesbaltasar.com\/wp-content\/uploads\/2023\/10\/20220701_144739-scaled.jpg\" data-width=\"2560\" data-height=\"2560\" aria-label=\"\" role=\"img\" ><\/div>\n\t\t\t\t\t\t\t\t\t\t\t<div class=\"elementor-gallery-item__overlay\"><\/div>\n\t\t\t\t\t\t\t\t\t\t\t\t\t\t<\/a>\n\t\t\t\t\t\t\t<a class=\"e-gallery-item elementor-gallery-item elementor-animated-content\" href=\"https:\/\/moblesbaltasar.com\/wp-content\/uploads\/2023\/10\/20220701_144802-scaled.jpg\" data-elementor-open-lightbox=\"yes\" data-elementor-lightbox-slideshow=\"b851f17\" data-e-action-hash=\"#elementor-action%3Aaction%3Dlightbox%26settings%3DeyJpZCI6MjYzMywidXJsIjoiaHR0cHM6XC9cL21vYmxlc2JhbHRhc2FyLmNvbVwvd3AtY29udGVudFwvdXBsb2Fkc1wvMjAyM1wvMTBcLzIwMjIwNzAxXzE0NDgwMi1zY2FsZWQuanBnIiwic2xpZGVzaG93IjoiYjg1MWYxNyJ9\">\n\t\t\t\t\t<div class=\"e-gallery-image elementor-gallery-item__image\" data-thumbnail=\"https:\/\/moblesbaltasar.com\/wp-content\/uploads\/2023\/10\/20220701_144802-scaled.jpg\" data-width=\"2560\" data-height=\"2560\" aria-label=\"\" role=\"img\" ><\/div>\n\t\t\t\t\t\t\t\t\t\t\t<div class=\"elementor-gallery-item__overlay\"><\/div>\n\t\t\t\t\t\t\t\t\t\t\t\t\t\t<\/a>\n\t\t\t\t\t\t\t<a class=\"e-gallery-item elementor-gallery-item elementor-animated-content\" href=\"https:\/\/moblesbaltasar.com\/wp-content\/uploads\/2023\/10\/20220701_144622-scaled.jpg\" data-elementor-open-lightbox=\"yes\" data-elementor-lightbox-slideshow=\"b851f17\" data-e-action-hash=\"#elementor-action%3Aaction%3Dlightbox%26settings%3DeyJpZCI6MjYzMSwidXJsIjoiaHR0cHM6XC9cL21vYmxlc2JhbHRhc2FyLmNvbVwvd3AtY29udGVudFwvdXBsb2Fkc1wvMjAyM1wvMTBcLzIwMjIwNzAxXzE0NDYyMi1zY2FsZWQuanBnIiwic2xpZGVzaG93IjoiYjg1MWYxNyJ9\">\n\t\t\t\t\t<div class=\"e-gallery-image elementor-gallery-item__image\" data-thumbnail=\"https:\/\/moblesbaltasar.com\/wp-content\/uploads\/2023\/10\/20220701_144622-scaled.jpg\" data-width=\"2560\" data-height=\"2560\" aria-label=\"\" role=\"img\" ><\/div>\n\t\t\t\t\t\t\t\t\t\t\t<div class=\"elementor-gallery-item__overlay\"><\/div>\n\t\t\t\t\t\t\t\t\t\t\t\t\t\t<\/a>\n\t\t\t\t\t<\/div>\n\t\t\t\t\t<\/div>\n\t\t\t\t<\/div>\n\t\t\t\t\t<\/div>\n\t\t<\/div>\n\t\t\t\t\t<\/div>\n\t\t<\/section>\n\t\t\t\t<\/div>","protected":false},"excerpt":{"rendered":"<p>El hogar de los peque\u00f1os de la casa. <\/p>\n<p>Nuestra vivienda es el lugar donde se forjan recuerdos y se encuentra la verdadera comodidad y paz.<\/p>","protected":false},"author":2,"featured_media":2632,"comment_status":"closed","ping_status":"closed","sticky":false,"template":"","format":"standard","meta":{"footnotes":""},"categories":[1],"tags":[23],"class_list":["post-2626","post","type-post","status-publish","format-standard","has-post-thumbnail","hentry","category-uncategorized","tag-proyectos"],"yoast_head":"<!-- This site is optimized with the Yoast SEO plugin v27.5 - https:\/\/yoast.com\/product\/yoast-seo-wordpress\/ -->\n<title>El hogar de los peque\u00f1os de la casa. - Mobles Baltasar<\/title>\n<meta name=\"robots\" content=\"index, follow, max-snippet:-1, max-image-preview:large, max-video-preview:-1\" \/>\n<link rel=\"canonical\" href=\"https:\/\/moblesbaltasar.com\/ca\/el-hogar-de-los-pequenos-de-la-casa-2\/\" \/>\n<meta property=\"og:locale\" content=\"ca_ES\" \/>\n<meta property=\"og:type\" content=\"article\" \/>\n<meta property=\"og:title\" content=\"El hogar de los peque\u00f1os de la casa. - Mobles Baltasar\" \/>\n<meta property=\"og:description\" content=\"El hogar de los peque\u00f1os de la casa.  Nuestra vivienda es el lugar donde se forjan recuerdos y se encuentra la verdadera comodidad y paz.\" \/>\n<meta property=\"og:url\" content=\"https:\/\/moblesbaltasar.com\/ca\/el-hogar-de-los-pequenos-de-la-casa-2\/\" \/>\n<meta property=\"og:site_name\" content=\"Mobles Baltasar\" \/>\n<meta property=\"article:published_time\" content=\"2023-10-10T15:04:33+00:00\" \/>\n<meta property=\"article:modified_time\" content=\"2023-10-10T15:35:27+00:00\" \/>\n<meta property=\"og:image\" content=\"https:\/\/moblesbaltasar.com\/wp-content\/uploads\/2023\/10\/20220701_144739-scaled.jpg\" \/>\n\t<meta property=\"og:image:width\" content=\"2560\" \/>\n\t<meta property=\"og:image:height\" content=\"2560\" \/>\n\t<meta property=\"og:image:type\" content=\"image\/jpeg\" \/>\n<meta name=\"author\" content=\"admin\" \/>\n<meta name=\"twitter:card\" content=\"summary_large_image\" \/>\n<meta name=\"twitter:label1\" content=\"Escrit per\" \/>\n\t<meta name=\"twitter:data1\" content=\"admin\" \/>\n\t<meta name=\"twitter:label2\" content=\"Temps estimat de lectura\" \/>\n\t<meta name=\"twitter:data2\" content=\"2 minuts\" \/>\n<script type=\"application\/ld+json\" class=\"yoast-schema-graph\">{\"@context\":\"https:\\\/\\\/schema.org\",\"@graph\":[{\"@type\":\"Article\",\"@id\":\"https:\\\/\\\/moblesbaltasar.com\\\/el-hogar-de-los-pequenos-de-la-casa-2\\\/#article\",\"isPartOf\":{\"@id\":\"https:\\\/\\\/moblesbaltasar.com\\\/el-hogar-de-los-pequenos-de-la-casa-2\\\/\"},\"author\":{\"name\":\"admin\",\"@id\":\"https:\\\/\\\/moblesbaltasar.com\\\/#\\\/schema\\\/person\\\/ebc49c22cf82e3f0785c16c9efd6b5fe\"},\"headline\":\"El hogar de los peque\u00f1os de la casa.\",\"datePublished\":\"2023-10-10T15:04:33+00:00\",\"dateModified\":\"2023-10-10T15:35:27+00:00\",\"mainEntityOfPage\":{\"@id\":\"https:\\\/\\\/moblesbaltasar.com\\\/el-hogar-de-los-pequenos-de-la-casa-2\\\/\"},\"wordCount\":289,\"publisher\":{\"@id\":\"https:\\\/\\\/moblesbaltasar.com\\\/#organization\"},\"image\":{\"@id\":\"https:\\\/\\\/moblesbaltasar.com\\\/el-hogar-de-los-pequenos-de-la-casa-2\\\/#primaryimage\"},\"thumbnailUrl\":\"https:\\\/\\\/moblesbaltasar.com\\\/wp-content\\\/uploads\\\/2023\\\/10\\\/20220701_144739-scaled.jpg\",\"keywords\":[\"Proyectos\"],\"articleSection\":[\"Uncategorized\"],\"inLanguage\":\"ca\"},{\"@type\":\"WebPage\",\"@id\":\"https:\\\/\\\/moblesbaltasar.com\\\/el-hogar-de-los-pequenos-de-la-casa-2\\\/\",\"url\":\"https:\\\/\\\/moblesbaltasar.com\\\/el-hogar-de-los-pequenos-de-la-casa-2\\\/\",\"name\":\"El hogar de los peque\u00f1os de la casa. - Mobles Baltasar\",\"isPartOf\":{\"@id\":\"https:\\\/\\\/moblesbaltasar.com\\\/#website\"},\"primaryImageOfPage\":{\"@id\":\"https:\\\/\\\/moblesbaltasar.com\\\/el-hogar-de-los-pequenos-de-la-casa-2\\\/#primaryimage\"},\"image\":{\"@id\":\"https:\\\/\\\/moblesbaltasar.com\\\/el-hogar-de-los-pequenos-de-la-casa-2\\\/#primaryimage\"},\"thumbnailUrl\":\"https:\\\/\\\/moblesbaltasar.com\\\/wp-content\\\/uploads\\\/2023\\\/10\\\/20220701_144739-scaled.jpg\",\"datePublished\":\"2023-10-10T15:04:33+00:00\",\"dateModified\":\"2023-10-10T15:35:27+00:00\",\"breadcrumb\":{\"@id\":\"https:\\\/\\\/moblesbaltasar.com\\\/el-hogar-de-los-pequenos-de-la-casa-2\\\/#breadcrumb\"},\"inLanguage\":\"ca\",\"potentialAction\":[{\"@type\":\"ReadAction\",\"target\":[\"https:\\\/\\\/moblesbaltasar.com\\\/el-hogar-de-los-pequenos-de-la-casa-2\\\/\"]}]},{\"@type\":\"ImageObject\",\"inLanguage\":\"ca\",\"@id\":\"https:\\\/\\\/moblesbaltasar.com\\\/el-hogar-de-los-pequenos-de-la-casa-2\\\/#primaryimage\",\"url\":\"https:\\\/\\\/moblesbaltasar.com\\\/wp-content\\\/uploads\\\/2023\\\/10\\\/20220701_144739-scaled.jpg\",\"contentUrl\":\"https:\\\/\\\/moblesbaltasar.com\\\/wp-content\\\/uploads\\\/2023\\\/10\\\/20220701_144739-scaled.jpg\",\"width\":2560,\"height\":2560},{\"@type\":\"BreadcrumbList\",\"@id\":\"https:\\\/\\\/moblesbaltasar.com\\\/el-hogar-de-los-pequenos-de-la-casa-2\\\/#breadcrumb\",\"itemListElement\":[{\"@type\":\"ListItem\",\"position\":1,\"name\":\"Portada\",\"item\":\"https:\\\/\\\/moblesbaltasar.com\\\/\"},{\"@type\":\"ListItem\",\"position\":2,\"name\":\"El hogar de los peque\u00f1os de la casa.\"}]},{\"@type\":\"WebSite\",\"@id\":\"https:\\\/\\\/moblesbaltasar.com\\\/#website\",\"url\":\"https:\\\/\\\/moblesbaltasar.com\\\/\",\"name\":\"Mobles Baltasar\",\"description\":\"El sitio d\u00f3nde se empieza a crear tu espacio\",\"publisher\":{\"@id\":\"https:\\\/\\\/moblesbaltasar.com\\\/#organization\"},\"potentialAction\":[{\"@type\":\"SearchAction\",\"target\":{\"@type\":\"EntryPoint\",\"urlTemplate\":\"https:\\\/\\\/moblesbaltasar.com\\\/?s={search_term_string}\"},\"query-input\":{\"@type\":\"PropertyValueSpecification\",\"valueRequired\":true,\"valueName\":\"search_term_string\"}}],\"inLanguage\":\"ca\"},{\"@type\":\"Organization\",\"@id\":\"https:\\\/\\\/moblesbaltasar.com\\\/#organization\",\"name\":\"Mobles Baltasar\",\"url\":\"https:\\\/\\\/moblesbaltasar.com\\\/\",\"logo\":{\"@type\":\"ImageObject\",\"inLanguage\":\"ca\",\"@id\":\"https:\\\/\\\/moblesbaltasar.com\\\/#\\\/schema\\\/logo\\\/image\\\/\",\"url\":\"https:\\\/\\\/moblesbaltasar.com\\\/wp-content\\\/uploads\\\/2023\\\/07\\\/Mobles-Baltasar-logo-verd-fort.png\",\"contentUrl\":\"https:\\\/\\\/moblesbaltasar.com\\\/wp-content\\\/uploads\\\/2023\\\/07\\\/Mobles-Baltasar-logo-verd-fort.png\",\"width\":400,\"height\":93,\"caption\":\"Mobles Baltasar\"},\"image\":{\"@id\":\"https:\\\/\\\/moblesbaltasar.com\\\/#\\\/schema\\\/logo\\\/image\\\/\"}},{\"@type\":\"Person\",\"@id\":\"https:\\\/\\\/moblesbaltasar.com\\\/#\\\/schema\\\/person\\\/ebc49c22cf82e3f0785c16c9efd6b5fe\",\"name\":\"admin\",\"image\":{\"@type\":\"ImageObject\",\"inLanguage\":\"ca\",\"@id\":\"https:\\\/\\\/secure.gravatar.com\\\/avatar\\\/a775623430216bd5424016f1018890920fc13a9d964465c6c4133310bf4e30a2?s=96&d=mm&r=g\",\"url\":\"https:\\\/\\\/secure.gravatar.com\\\/avatar\\\/a775623430216bd5424016f1018890920fc13a9d964465c6c4133310bf4e30a2?s=96&d=mm&r=g\",\"contentUrl\":\"https:\\\/\\\/secure.gravatar.com\\\/avatar\\\/a775623430216bd5424016f1018890920fc13a9d964465c6c4133310bf4e30a2?s=96&d=mm&r=g\",\"caption\":\"admin\"},\"url\":\"https:\\\/\\\/moblesbaltasar.com\\\/ca\\\/author\\\/admin\\\/\"}]}<\/script>\n<!-- \/ Yoast SEO plugin. -->","yoast_head_json":{"title":"El hogar de los peque\u00f1os de la casa. - Mobles Baltasar","robots":{"index":"index","follow":"follow","max-snippet":"max-snippet:-1","max-image-preview":"max-image-preview:large","max-video-preview":"max-video-preview:-1"},"canonical":"https:\/\/moblesbaltasar.com\/ca\/el-hogar-de-los-pequenos-de-la-casa-2\/","og_locale":"ca_ES","og_type":"article","og_title":"El hogar de los peque\u00f1os de la casa. - Mobles Baltasar","og_description":"El hogar de los peque\u00f1os de la casa.  Nuestra vivienda es el lugar donde se forjan recuerdos y se encuentra la verdadera comodidad y paz.","og_url":"https:\/\/moblesbaltasar.com\/ca\/el-hogar-de-los-pequenos-de-la-casa-2\/","og_site_name":"Mobles Baltasar","article_published_time":"2023-10-10T15:04:33+00:00","article_modified_time":"2023-10-10T15:35:27+00:00","og_image":[{"width":2560,"height":2560,"url":"https:\/\/moblesbaltasar.com\/wp-content\/uploads\/2023\/10\/20220701_144739-scaled.jpg","type":"image\/jpeg"}],"author":"admin","twitter_card":"summary_large_image","twitter_misc":{"Escrit per":"admin","Temps estimat de lectura":"2 minuts"},"schema":{"@context":"https:\/\/schema.org","@graph":[{"@type":"Article","@id":"https:\/\/moblesbaltasar.com\/el-hogar-de-los-pequenos-de-la-casa-2\/#article","isPartOf":{"@id":"https:\/\/moblesbaltasar.com\/el-hogar-de-los-pequenos-de-la-casa-2\/"},"author":{"name":"admin","@id":"https:\/\/moblesbaltasar.com\/#\/schema\/person\/ebc49c22cf82e3f0785c16c9efd6b5fe"},"headline":"El hogar de los peque\u00f1os de la casa.","datePublished":"2023-10-10T15:04:33+00:00","dateModified":"2023-10-10T15:35:27+00:00","mainEntityOfPage":{"@id":"https:\/\/moblesbaltasar.com\/el-hogar-de-los-pequenos-de-la-casa-2\/"},"wordCount":289,"publisher":{"@id":"https:\/\/moblesbaltasar.com\/#organization"},"image":{"@id":"https:\/\/moblesbaltasar.com\/el-hogar-de-los-pequenos-de-la-casa-2\/#primaryimage"},"thumbnailUrl":"https:\/\/moblesbaltasar.com\/wp-content\/uploads\/2023\/10\/20220701_144739-scaled.jpg","keywords":["Proyectos"],"articleSection":["Uncategorized"],"inLanguage":"ca"},{"@type":"WebPage","@id":"https:\/\/moblesbaltasar.com\/el-hogar-de-los-pequenos-de-la-casa-2\/","url":"https:\/\/moblesbaltasar.com\/el-hogar-de-los-pequenos-de-la-casa-2\/","name":"El hogar de los peque\u00f1os de la casa. - Mobles Baltasar","isPartOf":{"@id":"https:\/\/moblesbaltasar.com\/#website"},"primaryImageOfPage":{"@id":"https:\/\/moblesbaltasar.com\/el-hogar-de-los-pequenos-de-la-casa-2\/#primaryimage"},"image":{"@id":"https:\/\/moblesbaltasar.com\/el-hogar-de-los-pequenos-de-la-casa-2\/#primaryimage"},"thumbnailUrl":"https:\/\/moblesbaltasar.com\/wp-content\/uploads\/2023\/10\/20220701_144739-scaled.jpg","datePublished":"2023-10-10T15:04:33+00:00","dateModified":"2023-10-10T15:35:27+00:00","breadcrumb":{"@id":"https:\/\/moblesbaltasar.com\/el-hogar-de-los-pequenos-de-la-casa-2\/#breadcrumb"},"inLanguage":"ca","potentialAction":[{"@type":"ReadAction","target":["https:\/\/moblesbaltasar.com\/el-hogar-de-los-pequenos-de-la-casa-2\/"]}]},{"@type":"ImageObject","inLanguage":"ca","@id":"https:\/\/moblesbaltasar.com\/el-hogar-de-los-pequenos-de-la-casa-2\/#primaryimage","url":"https:\/\/moblesbaltasar.com\/wp-content\/uploads\/2023\/10\/20220701_144739-scaled.jpg","contentUrl":"https:\/\/moblesbaltasar.com\/wp-content\/uploads\/2023\/10\/20220701_144739-scaled.jpg","width":2560,"height":2560},{"@type":"BreadcrumbList","@id":"https:\/\/moblesbaltasar.com\/el-hogar-de-los-pequenos-de-la-casa-2\/#breadcrumb","itemListElement":[{"@type":"ListItem","position":1,"name":"Portada","item":"https:\/\/moblesbaltasar.com\/"},{"@type":"ListItem","position":2,"name":"El hogar de los peque\u00f1os de la casa."}]},{"@type":"WebSite","@id":"https:\/\/moblesbaltasar.com\/#website","url":"https:\/\/moblesbaltasar.com\/","name":"Mobles Baltasar","description":"El sitio d\u00f3nde se empieza a crear tu espacio","publisher":{"@id":"https:\/\/moblesbaltasar.com\/#organization"},"potentialAction":[{"@type":"SearchAction","target":{"@type":"EntryPoint","urlTemplate":"https:\/\/moblesbaltasar.com\/?s={search_term_string}"},"query-input":{"@type":"PropertyValueSpecification","valueRequired":true,"valueName":"search_term_string"}}],"inLanguage":"ca"},{"@type":"Organization","@id":"https:\/\/moblesbaltasar.com\/#organization","name":"Mobles Baltasar","url":"https:\/\/moblesbaltasar.com\/","logo":{"@type":"ImageObject","inLanguage":"ca","@id":"https:\/\/moblesbaltasar.com\/#\/schema\/logo\/image\/","url":"https:\/\/moblesbaltasar.com\/wp-content\/uploads\/2023\/07\/Mobles-Baltasar-logo-verd-fort.png","contentUrl":"https:\/\/moblesbaltasar.com\/wp-content\/uploads\/2023\/07\/Mobles-Baltasar-logo-verd-fort.png","width":400,"height":93,"caption":"Mobles Baltasar"},"image":{"@id":"https:\/\/moblesbaltasar.com\/#\/schema\/logo\/image\/"}},{"@type":"Person","@id":"https:\/\/moblesbaltasar.com\/#\/schema\/person\/ebc49c22cf82e3f0785c16c9efd6b5fe","name":"admin","image":{"@type":"ImageObject","inLanguage":"ca","@id":"https:\/\/secure.gravatar.com\/avatar\/a775623430216bd5424016f1018890920fc13a9d964465c6c4133310bf4e30a2?s=96&d=mm&r=g","url":"https:\/\/secure.gravatar.com\/avatar\/a775623430216bd5424016f1018890920fc13a9d964465c6c4133310bf4e30a2?s=96&d=mm&r=g","contentUrl":"https:\/\/secure.gravatar.com\/avatar\/a775623430216bd5424016f1018890920fc13a9d964465c6c4133310bf4e30a2?s=96&d=mm&r=g","caption":"admin"},"url":"https:\/\/moblesbaltasar.com\/ca\/author\/admin\/"}]}},"_links":{"self":[{"href":"https:\/\/moblesbaltasar.com\/ca\/wp-json\/wp\/v2\/posts\/2626","targetHints":{"allow":["GET"]}}],"collection":[{"href":"https:\/\/moblesbaltasar.com\/ca\/wp-json\/wp\/v2\/posts"}],"about":[{"href":"https:\/\/moblesbaltasar.com\/ca\/wp-json\/wp\/v2\/types\/post"}],"author":[{"embeddable":true,"href":"https:\/\/moblesbaltasar.com\/ca\/wp-json\/wp\/v2\/users\/2"}],"replies":[{"embeddable":true,"href":"https:\/\/moblesbaltasar.com\/ca\/wp-json\/wp\/v2\/comments?post=2626"}],"version-history":[{"count":8,"href":"https:\/\/moblesbaltasar.com\/ca\/wp-json\/wp\/v2\/posts\/2626\/revisions"}],"predecessor-version":[{"id":2637,"href":"https:\/\/moblesbaltasar.com\/ca\/wp-json\/wp\/v2\/posts\/2626\/revisions\/2637"}],"wp:featuredmedia":[{"embeddable":true,"href":"https:\/\/moblesbaltasar.com\/ca\/wp-json\/wp\/v2\/media\/2632"}],"wp:attachment":[{"href":"https:\/\/moblesbaltasar.com\/ca\/wp-json\/wp\/v2\/media?parent=2626"}],"wp:term":[{"taxonomy":"category","embeddable":true,"href":"https:\/\/moblesbaltasar.com\/ca\/wp-json\/wp\/v2\/categories?post=2626"},{"taxonomy":"post_tag","embeddable":true,"href":"https:\/\/moblesbaltasar.com\/ca\/wp-json\/wp\/v2\/tags?post=2626"}],"curies":[{"name":"wp","href":"https:\/\/api.w.org\/{rel}","templated":true}]}}