{"id":2638,"date":"2023-10-10T17:03:32","date_gmt":"2023-10-10T15:03:32","guid":{"rendered":"https:\/\/moblesbaltasar.com\/?p=2638"},"modified":"2023-10-10T17:36:08","modified_gmt":"2023-10-10T15:36:08","slug":"el-encanto-de-la-madera","status":"publish","type":"post","link":"https:\/\/moblesbaltasar.com\/ca\/el-encanto-de-la-madera\/","title":{"rendered":"El encanto de la madera."},"content":{"rendered":"<div data-elementor-type=\"wp-post\" data-elementor-id=\"2638\" class=\"elementor elementor-2638\" data-elementor-post-type=\"post\">\n\t\t\t\t\t\t<section class=\"elementor-section elementor-top-section elementor-element elementor-element-3d24477 elementor-section-full_width elementor-section-height-default elementor-section-height-default\" data-id=\"3d24477\" data-element_type=\"section\" data-e-type=\"section\">\n\t\t\t\t\t\t<div class=\"elementor-container elementor-column-gap-default\">\n\t\t\t\t\t<div class=\"elementor-column elementor-col-100 elementor-top-column elementor-element elementor-element-7fda1e6\" data-id=\"7fda1e6\" data-element_type=\"column\" data-e-type=\"column\">\n\t\t\t<div class=\"elementor-widget-wrap elementor-element-populated\">\n\t\t\t\t\t\t<div class=\"elementor-element elementor-element-301e14e elementor-widget elementor-widget-spacer\" data-id=\"301e14e\" data-element_type=\"widget\" data-e-type=\"widget\" data-widget_type=\"spacer.default\">\n\t\t\t\t<div class=\"elementor-widget-container\">\n\t\t\t\t\t\t\t<div class=\"elementor-spacer\">\n\t\t\t<div class=\"elementor-spacer-inner\"><\/div>\n\t\t<\/div>\n\t\t\t\t\t\t<\/div>\n\t\t\t\t<\/div>\n\t\t\t\t<div class=\"elementor-element elementor-element-092c7f3 elementor-widget__width-initial elementor-widget elementor-widget-text-editor\" data-id=\"092c7f3\" data-element_type=\"widget\" data-e-type=\"widget\" data-widget_type=\"text-editor.default\">\n\t\t\t\t<div class=\"elementor-widget-container\">\n\t\t\t\t\t\t\t\t\t<p>El trabajo de <strong>renderizaci\u00f3n<\/strong> de este proyecto fue realmente dificil debido a la abundante presencia de madera en la estructura. Nuestro cliente deseaba una representaci\u00f3n visual de la transformaci\u00f3n de su <strong>buhardilla,<\/strong> un espacio con <em>las pronunciadas pendientes del techo.<\/em> Sin embargo, gracias a nuestro equipo de dise\u00f1o y renderizaci\u00f3n, logramos superar estos desaf\u00edos con \u00e9xito.<\/p><p>El objetivo principal era crear un <em>ambiente c\u00e1lido y acogedor<\/em> que permitiera a nuestros clientes disfrutar de un relajante fin de semana en la Vall de Aran, rodeados de impresionantes vistas.<\/p><p>El uso de la <strong>madera<\/strong> desempe\u00f1\u00f3 un papel fundamental en la creaci\u00f3n de este ambiente <em>acogedor.<\/em> Optamos por <em>tonos c\u00e1lidos y texturas<\/em> naturales que realzaran la sensaci\u00f3n de confort. La iluminaci\u00f3n cuidadosamente planificada resalt\u00f3 la belleza de los materiales y cre\u00f3 una atm\u00f3sfera relajante. Adem\u00e1s, trabajamos en la optimizaci\u00f3n de la distribuci\u00f3n del espacio, aprovechando al m\u00e1ximo cada rinc\u00f3n, a pesar de las desafiantes pendientes del techo.<\/p><p>Nuestra representaci\u00f3n visual no solo mostr\u00f3 la belleza del dise\u00f1o, sino que tambi\u00e9n transmiti\u00f3 la sensaci\u00f3n de <em>calidez y confort<\/em> que nuestro cliente ansiaba para su buhardilla. Estamos orgullosos de haber contribuido a la creaci\u00f3n de un espacio \u00fanico y encantador en la Vall de Aran que seguramente proporcionar\u00e1 innumerables momentos memorables a quienes lo disfruten.<\/p>\t\t\t\t\t\t\t\t<\/div>\n\t\t\t\t<\/div>\n\t\t\t\t<div class=\"elementor-element elementor-element-b5c7568 elementor-widget elementor-widget-spacer\" data-id=\"b5c7568\" data-element_type=\"widget\" data-e-type=\"widget\" data-widget_type=\"spacer.default\">\n\t\t\t\t<div class=\"elementor-widget-container\">\n\t\t\t\t\t\t\t<div class=\"elementor-spacer\">\n\t\t\t<div class=\"elementor-spacer-inner\"><\/div>\n\t\t<\/div>\n\t\t\t\t\t\t<\/div>\n\t\t\t\t<\/div>\n\t\t\t\t<div class=\"elementor-element elementor-element-b851f17 elementor-widget elementor-widget-gallery\" data-id=\"b851f17\" data-element_type=\"widget\" data-e-type=\"widget\" data-settings=\"{&quot;gallery_layout&quot;:&quot;masonry&quot;,&quot;columns&quot;:2,&quot;lazyload&quot;:&quot;yes&quot;,&quot;columns_tablet&quot;:2,&quot;columns_mobile&quot;:1,&quot;gap&quot;:{&quot;unit&quot;:&quot;px&quot;,&quot;size&quot;:10,&quot;sizes&quot;:[]},&quot;gap_tablet&quot;:{&quot;unit&quot;:&quot;px&quot;,&quot;size&quot;:10,&quot;sizes&quot;:[]},&quot;gap_mobile&quot;:{&quot;unit&quot;:&quot;px&quot;,&quot;size&quot;:10,&quot;sizes&quot;:[]},&quot;link_to&quot;:&quot;file&quot;,&quot;overlay_background&quot;:&quot;yes&quot;,&quot;content_hover_animation&quot;:&quot;fade-in&quot;}\" data-widget_type=\"gallery.default\">\n\t\t\t\t<div class=\"elementor-widget-container\">\n\t\t\t\t\t\t\t<div class=\"elementor-gallery__container\">\n\t\t\t\t\t\t\t<a class=\"e-gallery-item elementor-gallery-item elementor-animated-content\" href=\"https:\/\/moblesbaltasar.com\/wp-content\/uploads\/2023\/10\/VISTA-GENERAL-LLIT.jpg\" data-elementor-open-lightbox=\"yes\" data-elementor-lightbox-slideshow=\"b851f17\" data-e-action-hash=\"#elementor-action%3Aaction%3Dlightbox%26settings%3DeyJpZCI6MjY0OCwidXJsIjoiaHR0cHM6XC9cL21vYmxlc2JhbHRhc2FyLmNvbVwvd3AtY29udGVudFwvdXBsb2Fkc1wvMjAyM1wvMTBcL1ZJU1RBLUdFTkVSQUwtTExJVC5qcGciLCJzbGlkZXNob3ciOiJiODUxZjE3In0%3D\">\n\t\t\t\t\t<div class=\"e-gallery-image elementor-gallery-item__image\" data-thumbnail=\"https:\/\/moblesbaltasar.com\/wp-content\/uploads\/2023\/10\/VISTA-GENERAL-LLIT.jpg\" data-width=\"1000\" data-height=\"1000\" aria-label=\"\" role=\"img\" ><\/div>\n\t\t\t\t\t\t\t\t\t\t\t<div class=\"elementor-gallery-item__overlay\"><\/div>\n\t\t\t\t\t\t\t\t\t\t\t\t\t\t<\/a>\n\t\t\t\t\t\t\t<a class=\"e-gallery-item elementor-gallery-item elementor-animated-content\" href=\"https:\/\/moblesbaltasar.com\/wp-content\/uploads\/2023\/10\/banyera-1.jpg\" data-elementor-open-lightbox=\"yes\" data-elementor-lightbox-slideshow=\"b851f17\" data-e-action-hash=\"#elementor-action%3Aaction%3Dlightbox%26settings%3DeyJpZCI6MjY0MywidXJsIjoiaHR0cHM6XC9cL21vYmxlc2JhbHRhc2FyLmNvbVwvd3AtY29udGVudFwvdXBsb2Fkc1wvMjAyM1wvMTBcL2JhbnllcmEtMS5qcGciLCJzbGlkZXNob3ciOiJiODUxZjE3In0%3D\">\n\t\t\t\t\t<div class=\"e-gallery-image elementor-gallery-item__image\" data-thumbnail=\"https:\/\/moblesbaltasar.com\/wp-content\/uploads\/2023\/10\/banyera-1.jpg\" data-width=\"1000\" data-height=\"1000\" aria-label=\"\" role=\"img\" ><\/div>\n\t\t\t\t\t\t\t\t\t\t\t<div class=\"elementor-gallery-item__overlay\"><\/div>\n\t\t\t\t\t\t\t\t\t\t\t\t\t\t<\/a>\n\t\t\t\t\t\t\t<a class=\"e-gallery-item elementor-gallery-item elementor-animated-content\" href=\"https:\/\/moblesbaltasar.com\/wp-content\/uploads\/2023\/10\/LAVABO-2.jpg\" data-elementor-open-lightbox=\"yes\" data-elementor-lightbox-slideshow=\"b851f17\" data-e-action-hash=\"#elementor-action%3Aaction%3Dlightbox%26settings%3DeyJpZCI6MjY0NiwidXJsIjoiaHR0cHM6XC9cL21vYmxlc2JhbHRhc2FyLmNvbVwvd3AtY29udGVudFwvdXBsb2Fkc1wvMjAyM1wvMTBcL0xBVkFCTy0yLmpwZyIsInNsaWRlc2hvdyI6ImI4NTFmMTcifQ%3D%3D\">\n\t\t\t\t\t<div class=\"e-gallery-image elementor-gallery-item__image\" data-thumbnail=\"https:\/\/moblesbaltasar.com\/wp-content\/uploads\/2023\/10\/LAVABO-2.jpg\" data-width=\"1000\" data-height=\"1000\" aria-label=\"\" role=\"img\" ><\/div>\n\t\t\t\t\t\t\t\t\t\t\t<div class=\"elementor-gallery-item__overlay\"><\/div>\n\t\t\t\t\t\t\t\t\t\t\t\t\t\t<\/a>\n\t\t\t\t\t\t\t<a class=\"e-gallery-item elementor-gallery-item elementor-animated-content\" href=\"https:\/\/moblesbaltasar.com\/wp-content\/uploads\/2023\/10\/ESCALA-I-LLIT.jpg\" data-elementor-open-lightbox=\"yes\" data-elementor-lightbox-slideshow=\"b851f17\" data-e-action-hash=\"#elementor-action%3Aaction%3Dlightbox%26settings%3DeyJpZCI6MjY0NCwidXJsIjoiaHR0cHM6XC9cL21vYmxlc2JhbHRhc2FyLmNvbVwvd3AtY29udGVudFwvdXBsb2Fkc1wvMjAyM1wvMTBcL0VTQ0FMQS1JLUxMSVQuanBnIiwic2xpZGVzaG93IjoiYjg1MWYxNyJ9\">\n\t\t\t\t\t<div class=\"e-gallery-image elementor-gallery-item__image\" data-thumbnail=\"https:\/\/moblesbaltasar.com\/wp-content\/uploads\/2023\/10\/ESCALA-I-LLIT.jpg\" data-width=\"1000\" data-height=\"1000\" aria-label=\"\" role=\"img\" ><\/div>\n\t\t\t\t\t\t\t\t\t\t\t<div class=\"elementor-gallery-item__overlay\"><\/div>\n\t\t\t\t\t\t\t\t\t\t\t\t\t\t<\/a>\n\t\t\t\t\t\t\t<a class=\"e-gallery-item elementor-gallery-item elementor-animated-content\" href=\"https:\/\/moblesbaltasar.com\/wp-content\/uploads\/2023\/10\/TANCAMENT-BARANA-1.jpg\" data-elementor-open-lightbox=\"yes\" data-elementor-lightbox-slideshow=\"b851f17\" data-e-action-hash=\"#elementor-action%3Aaction%3Dlightbox%26settings%3DeyJpZCI6MjY0NywidXJsIjoiaHR0cHM6XC9cL21vYmxlc2JhbHRhc2FyLmNvbVwvd3AtY29udGVudFwvdXBsb2Fkc1wvMjAyM1wvMTBcL1RBTkNBTUVOVC1CQVJBTkEtMS5qcGciLCJzbGlkZXNob3ciOiJiODUxZjE3In0%3D\">\n\t\t\t\t\t<div class=\"e-gallery-image elementor-gallery-item__image\" data-thumbnail=\"https:\/\/moblesbaltasar.com\/wp-content\/uploads\/2023\/10\/TANCAMENT-BARANA-1.jpg\" data-width=\"1000\" data-height=\"1000\" aria-label=\"\" role=\"img\" ><\/div>\n\t\t\t\t\t\t\t\t\t\t\t<div class=\"elementor-gallery-item__overlay\"><\/div>\n\t\t\t\t\t\t\t\t\t\t\t\t\t\t<\/a>\n\t\t\t\t\t\t\t<a class=\"e-gallery-item elementor-gallery-item elementor-animated-content\" href=\"https:\/\/moblesbaltasar.com\/wp-content\/uploads\/2023\/10\/GELOSI-ESCALA.jpg\" data-elementor-open-lightbox=\"yes\" data-elementor-lightbox-slideshow=\"b851f17\" data-e-action-hash=\"#elementor-action%3Aaction%3Dlightbox%26settings%3DeyJpZCI6MjY0NSwidXJsIjoiaHR0cHM6XC9cL21vYmxlc2JhbHRhc2FyLmNvbVwvd3AtY29udGVudFwvdXBsb2Fkc1wvMjAyM1wvMTBcL0dFTE9TSS1FU0NBTEEuanBnIiwic2xpZGVzaG93IjoiYjg1MWYxNyJ9\">\n\t\t\t\t\t<div class=\"e-gallery-image elementor-gallery-item__image\" data-thumbnail=\"https:\/\/moblesbaltasar.com\/wp-content\/uploads\/2023\/10\/GELOSI-ESCALA.jpg\" data-width=\"1000\" data-height=\"1000\" aria-label=\"\" role=\"img\" ><\/div>\n\t\t\t\t\t\t\t\t\t\t\t<div class=\"elementor-gallery-item__overlay\"><\/div>\n\t\t\t\t\t\t\t\t\t\t\t\t\t\t<\/a>\n\t\t\t\t\t<\/div>\n\t\t\t\t\t<\/div>\n\t\t\t\t<\/div>\n\t\t\t\t\t<\/div>\n\t\t<\/div>\n\t\t\t\t\t<\/div>\n\t\t<\/section>\n\t\t\t\t<\/div>","protected":false},"excerpt":{"rendered":"<p>El hogar de los peque\u00f1os de la casa. <\/p>\n<p>Nuestra vivienda es el lugar donde se forjan recuerdos y se encuentra la verdadera comodidad y paz.<\/p>","protected":false},"author":2,"featured_media":2648,"comment_status":"closed","ping_status":"closed","sticky":false,"template":"","format":"standard","meta":{"footnotes":""},"categories":[1],"tags":[23],"class_list":["post-2638","post","type-post","status-publish","format-standard","has-post-thumbnail","hentry","category-uncategorized","tag-proyectos"],"yoast_head":"<!-- This site is optimized with the Yoast SEO plugin v27.5 - https:\/\/yoast.com\/product\/yoast-seo-wordpress\/ -->\n<title>El encanto de la madera. - Mobles Baltasar<\/title>\n<meta name=\"robots\" content=\"index, follow, max-snippet:-1, max-image-preview:large, max-video-preview:-1\" \/>\n<link rel=\"canonical\" href=\"https:\/\/moblesbaltasar.com\/ca\/el-encanto-de-la-madera\/\" \/>\n<meta property=\"og:locale\" content=\"ca_ES\" \/>\n<meta property=\"og:type\" content=\"article\" \/>\n<meta property=\"og:title\" content=\"El encanto de la madera. - Mobles Baltasar\" \/>\n<meta property=\"og:description\" content=\"El hogar de los peque\u00f1os de la casa.  Nuestra vivienda es el lugar donde se forjan recuerdos y se encuentra la verdadera comodidad y paz.\" \/>\n<meta property=\"og:url\" content=\"https:\/\/moblesbaltasar.com\/ca\/el-encanto-de-la-madera\/\" \/>\n<meta property=\"og:site_name\" content=\"Mobles Baltasar\" \/>\n<meta property=\"article:published_time\" content=\"2023-10-10T15:03:32+00:00\" \/>\n<meta property=\"article:modified_time\" content=\"2023-10-10T15:36:08+00:00\" \/>\n<meta property=\"og:image\" content=\"https:\/\/moblesbaltasar.com\/wp-content\/uploads\/2023\/10\/VISTA-GENERAL-LLIT.jpg\" \/>\n\t<meta property=\"og:image:width\" content=\"1000\" \/>\n\t<meta property=\"og:image:height\" content=\"1000\" \/>\n\t<meta property=\"og:image:type\" content=\"image\/jpeg\" \/>\n<meta name=\"author\" content=\"admin\" \/>\n<meta name=\"twitter:card\" content=\"summary_large_image\" \/>\n<meta name=\"twitter:label1\" content=\"Escrit per\" \/>\n\t<meta name=\"twitter:data1\" content=\"admin\" \/>\n\t<meta name=\"twitter:label2\" content=\"Temps estimat de lectura\" \/>\n\t<meta name=\"twitter:data2\" content=\"1 minut\" \/>\n<script type=\"application\/ld+json\" class=\"yoast-schema-graph\">{\"@context\":\"https:\\\/\\\/schema.org\",\"@graph\":[{\"@type\":\"Article\",\"@id\":\"https:\\\/\\\/moblesbaltasar.com\\\/el-encanto-de-la-madera\\\/#article\",\"isPartOf\":{\"@id\":\"https:\\\/\\\/moblesbaltasar.com\\\/el-encanto-de-la-madera\\\/\"},\"author\":{\"name\":\"admin\",\"@id\":\"https:\\\/\\\/moblesbaltasar.com\\\/#\\\/schema\\\/person\\\/ebc49c22cf82e3f0785c16c9efd6b5fe\"},\"headline\":\"El encanto de la madera.\",\"datePublished\":\"2023-10-10T15:03:32+00:00\",\"dateModified\":\"2023-10-10T15:36:08+00:00\",\"mainEntityOfPage\":{\"@id\":\"https:\\\/\\\/moblesbaltasar.com\\\/el-encanto-de-la-madera\\\/\"},\"wordCount\":237,\"publisher\":{\"@id\":\"https:\\\/\\\/moblesbaltasar.com\\\/#organization\"},\"image\":{\"@id\":\"https:\\\/\\\/moblesbaltasar.com\\\/el-encanto-de-la-madera\\\/#primaryimage\"},\"thumbnailUrl\":\"https:\\\/\\\/moblesbaltasar.com\\\/wp-content\\\/uploads\\\/2023\\\/10\\\/VISTA-GENERAL-LLIT.jpg\",\"keywords\":[\"Proyectos\"],\"articleSection\":[\"Uncategorized\"],\"inLanguage\":\"ca\"},{\"@type\":\"WebPage\",\"@id\":\"https:\\\/\\\/moblesbaltasar.com\\\/el-encanto-de-la-madera\\\/\",\"url\":\"https:\\\/\\\/moblesbaltasar.com\\\/el-encanto-de-la-madera\\\/\",\"name\":\"El encanto de la madera. - Mobles Baltasar\",\"isPartOf\":{\"@id\":\"https:\\\/\\\/moblesbaltasar.com\\\/#website\"},\"primaryImageOfPage\":{\"@id\":\"https:\\\/\\\/moblesbaltasar.com\\\/el-encanto-de-la-madera\\\/#primaryimage\"},\"image\":{\"@id\":\"https:\\\/\\\/moblesbaltasar.com\\\/el-encanto-de-la-madera\\\/#primaryimage\"},\"thumbnailUrl\":\"https:\\\/\\\/moblesbaltasar.com\\\/wp-content\\\/uploads\\\/2023\\\/10\\\/VISTA-GENERAL-LLIT.jpg\",\"datePublished\":\"2023-10-10T15:03:32+00:00\",\"dateModified\":\"2023-10-10T15:36:08+00:00\",\"breadcrumb\":{\"@id\":\"https:\\\/\\\/moblesbaltasar.com\\\/el-encanto-de-la-madera\\\/#breadcrumb\"},\"inLanguage\":\"ca\",\"potentialAction\":[{\"@type\":\"ReadAction\",\"target\":[\"https:\\\/\\\/moblesbaltasar.com\\\/el-encanto-de-la-madera\\\/\"]}]},{\"@type\":\"ImageObject\",\"inLanguage\":\"ca\",\"@id\":\"https:\\\/\\\/moblesbaltasar.com\\\/el-encanto-de-la-madera\\\/#primaryimage\",\"url\":\"https:\\\/\\\/moblesbaltasar.com\\\/wp-content\\\/uploads\\\/2023\\\/10\\\/VISTA-GENERAL-LLIT.jpg\",\"contentUrl\":\"https:\\\/\\\/moblesbaltasar.com\\\/wp-content\\\/uploads\\\/2023\\\/10\\\/VISTA-GENERAL-LLIT.jpg\",\"width\":1000,\"height\":1000},{\"@type\":\"BreadcrumbList\",\"@id\":\"https:\\\/\\\/moblesbaltasar.com\\\/el-encanto-de-la-madera\\\/#breadcrumb\",\"itemListElement\":[{\"@type\":\"ListItem\",\"position\":1,\"name\":\"Portada\",\"item\":\"https:\\\/\\\/moblesbaltasar.com\\\/\"},{\"@type\":\"ListItem\",\"position\":2,\"name\":\"El encanto de la madera.\"}]},{\"@type\":\"WebSite\",\"@id\":\"https:\\\/\\\/moblesbaltasar.com\\\/#website\",\"url\":\"https:\\\/\\\/moblesbaltasar.com\\\/\",\"name\":\"Mobles Baltasar\",\"description\":\"El sitio d\u00f3nde se empieza a crear tu espacio\",\"publisher\":{\"@id\":\"https:\\\/\\\/moblesbaltasar.com\\\/#organization\"},\"potentialAction\":[{\"@type\":\"SearchAction\",\"target\":{\"@type\":\"EntryPoint\",\"urlTemplate\":\"https:\\\/\\\/moblesbaltasar.com\\\/?s={search_term_string}\"},\"query-input\":{\"@type\":\"PropertyValueSpecification\",\"valueRequired\":true,\"valueName\":\"search_term_string\"}}],\"inLanguage\":\"ca\"},{\"@type\":\"Organization\",\"@id\":\"https:\\\/\\\/moblesbaltasar.com\\\/#organization\",\"name\":\"Mobles Baltasar\",\"url\":\"https:\\\/\\\/moblesbaltasar.com\\\/\",\"logo\":{\"@type\":\"ImageObject\",\"inLanguage\":\"ca\",\"@id\":\"https:\\\/\\\/moblesbaltasar.com\\\/#\\\/schema\\\/logo\\\/image\\\/\",\"url\":\"https:\\\/\\\/moblesbaltasar.com\\\/wp-content\\\/uploads\\\/2023\\\/07\\\/Mobles-Baltasar-logo-verd-fort.png\",\"contentUrl\":\"https:\\\/\\\/moblesbaltasar.com\\\/wp-content\\\/uploads\\\/2023\\\/07\\\/Mobles-Baltasar-logo-verd-fort.png\",\"width\":400,\"height\":93,\"caption\":\"Mobles Baltasar\"},\"image\":{\"@id\":\"https:\\\/\\\/moblesbaltasar.com\\\/#\\\/schema\\\/logo\\\/image\\\/\"}},{\"@type\":\"Person\",\"@id\":\"https:\\\/\\\/moblesbaltasar.com\\\/#\\\/schema\\\/person\\\/ebc49c22cf82e3f0785c16c9efd6b5fe\",\"name\":\"admin\",\"image\":{\"@type\":\"ImageObject\",\"inLanguage\":\"ca\",\"@id\":\"https:\\\/\\\/secure.gravatar.com\\\/avatar\\\/a775623430216bd5424016f1018890920fc13a9d964465c6c4133310bf4e30a2?s=96&d=mm&r=g\",\"url\":\"https:\\\/\\\/secure.gravatar.com\\\/avatar\\\/a775623430216bd5424016f1018890920fc13a9d964465c6c4133310bf4e30a2?s=96&d=mm&r=g\",\"contentUrl\":\"https:\\\/\\\/secure.gravatar.com\\\/avatar\\\/a775623430216bd5424016f1018890920fc13a9d964465c6c4133310bf4e30a2?s=96&d=mm&r=g\",\"caption\":\"admin\"},\"url\":\"https:\\\/\\\/moblesbaltasar.com\\\/ca\\\/author\\\/admin\\\/\"}]}<\/script>\n<!-- \/ Yoast SEO plugin. -->","yoast_head_json":{"title":"El encanto de la madera. - Mobles Baltasar","robots":{"index":"index","follow":"follow","max-snippet":"max-snippet:-1","max-image-preview":"max-image-preview:large","max-video-preview":"max-video-preview:-1"},"canonical":"https:\/\/moblesbaltasar.com\/ca\/el-encanto-de-la-madera\/","og_locale":"ca_ES","og_type":"article","og_title":"El encanto de la madera. - Mobles Baltasar","og_description":"El hogar de los peque\u00f1os de la casa.  Nuestra vivienda es el lugar donde se forjan recuerdos y se encuentra la verdadera comodidad y paz.","og_url":"https:\/\/moblesbaltasar.com\/ca\/el-encanto-de-la-madera\/","og_site_name":"Mobles Baltasar","article_published_time":"2023-10-10T15:03:32+00:00","article_modified_time":"2023-10-10T15:36:08+00:00","og_image":[{"width":1000,"height":1000,"url":"https:\/\/moblesbaltasar.com\/wp-content\/uploads\/2023\/10\/VISTA-GENERAL-LLIT.jpg","type":"image\/jpeg"}],"author":"admin","twitter_card":"summary_large_image","twitter_misc":{"Escrit per":"admin","Temps estimat de lectura":"1 minut"},"schema":{"@context":"https:\/\/schema.org","@graph":[{"@type":"Article","@id":"https:\/\/moblesbaltasar.com\/el-encanto-de-la-madera\/#article","isPartOf":{"@id":"https:\/\/moblesbaltasar.com\/el-encanto-de-la-madera\/"},"author":{"name":"admin","@id":"https:\/\/moblesbaltasar.com\/#\/schema\/person\/ebc49c22cf82e3f0785c16c9efd6b5fe"},"headline":"El encanto de la madera.","datePublished":"2023-10-10T15:03:32+00:00","dateModified":"2023-10-10T15:36:08+00:00","mainEntityOfPage":{"@id":"https:\/\/moblesbaltasar.com\/el-encanto-de-la-madera\/"},"wordCount":237,"publisher":{"@id":"https:\/\/moblesbaltasar.com\/#organization"},"image":{"@id":"https:\/\/moblesbaltasar.com\/el-encanto-de-la-madera\/#primaryimage"},"thumbnailUrl":"https:\/\/moblesbaltasar.com\/wp-content\/uploads\/2023\/10\/VISTA-GENERAL-LLIT.jpg","keywords":["Proyectos"],"articleSection":["Uncategorized"],"inLanguage":"ca"},{"@type":"WebPage","@id":"https:\/\/moblesbaltasar.com\/el-encanto-de-la-madera\/","url":"https:\/\/moblesbaltasar.com\/el-encanto-de-la-madera\/","name":"El encanto de la madera. - Mobles Baltasar","isPartOf":{"@id":"https:\/\/moblesbaltasar.com\/#website"},"primaryImageOfPage":{"@id":"https:\/\/moblesbaltasar.com\/el-encanto-de-la-madera\/#primaryimage"},"image":{"@id":"https:\/\/moblesbaltasar.com\/el-encanto-de-la-madera\/#primaryimage"},"thumbnailUrl":"https:\/\/moblesbaltasar.com\/wp-content\/uploads\/2023\/10\/VISTA-GENERAL-LLIT.jpg","datePublished":"2023-10-10T15:03:32+00:00","dateModified":"2023-10-10T15:36:08+00:00","breadcrumb":{"@id":"https:\/\/moblesbaltasar.com\/el-encanto-de-la-madera\/#breadcrumb"},"inLanguage":"ca","potentialAction":[{"@type":"ReadAction","target":["https:\/\/moblesbaltasar.com\/el-encanto-de-la-madera\/"]}]},{"@type":"ImageObject","inLanguage":"ca","@id":"https:\/\/moblesbaltasar.com\/el-encanto-de-la-madera\/#primaryimage","url":"https:\/\/moblesbaltasar.com\/wp-content\/uploads\/2023\/10\/VISTA-GENERAL-LLIT.jpg","contentUrl":"https:\/\/moblesbaltasar.com\/wp-content\/uploads\/2023\/10\/VISTA-GENERAL-LLIT.jpg","width":1000,"height":1000},{"@type":"BreadcrumbList","@id":"https:\/\/moblesbaltasar.com\/el-encanto-de-la-madera\/#breadcrumb","itemListElement":[{"@type":"ListItem","position":1,"name":"Portada","item":"https:\/\/moblesbaltasar.com\/"},{"@type":"ListItem","position":2,"name":"El encanto de la madera."}]},{"@type":"WebSite","@id":"https:\/\/moblesbaltasar.com\/#website","url":"https:\/\/moblesbaltasar.com\/","name":"Mobles Baltasar","description":"El sitio d\u00f3nde se empieza a crear tu espacio","publisher":{"@id":"https:\/\/moblesbaltasar.com\/#organization"},"potentialAction":[{"@type":"SearchAction","target":{"@type":"EntryPoint","urlTemplate":"https:\/\/moblesbaltasar.com\/?s={search_term_string}"},"query-input":{"@type":"PropertyValueSpecification","valueRequired":true,"valueName":"search_term_string"}}],"inLanguage":"ca"},{"@type":"Organization","@id":"https:\/\/moblesbaltasar.com\/#organization","name":"Mobles Baltasar","url":"https:\/\/moblesbaltasar.com\/","logo":{"@type":"ImageObject","inLanguage":"ca","@id":"https:\/\/moblesbaltasar.com\/#\/schema\/logo\/image\/","url":"https:\/\/moblesbaltasar.com\/wp-content\/uploads\/2023\/07\/Mobles-Baltasar-logo-verd-fort.png","contentUrl":"https:\/\/moblesbaltasar.com\/wp-content\/uploads\/2023\/07\/Mobles-Baltasar-logo-verd-fort.png","width":400,"height":93,"caption":"Mobles Baltasar"},"image":{"@id":"https:\/\/moblesbaltasar.com\/#\/schema\/logo\/image\/"}},{"@type":"Person","@id":"https:\/\/moblesbaltasar.com\/#\/schema\/person\/ebc49c22cf82e3f0785c16c9efd6b5fe","name":"admin","image":{"@type":"ImageObject","inLanguage":"ca","@id":"https:\/\/secure.gravatar.com\/avatar\/a775623430216bd5424016f1018890920fc13a9d964465c6c4133310bf4e30a2?s=96&d=mm&r=g","url":"https:\/\/secure.gravatar.com\/avatar\/a775623430216bd5424016f1018890920fc13a9d964465c6c4133310bf4e30a2?s=96&d=mm&r=g","contentUrl":"https:\/\/secure.gravatar.com\/avatar\/a775623430216bd5424016f1018890920fc13a9d964465c6c4133310bf4e30a2?s=96&d=mm&r=g","caption":"admin"},"url":"https:\/\/moblesbaltasar.com\/ca\/author\/admin\/"}]}},"_links":{"self":[{"href":"https:\/\/moblesbaltasar.com\/ca\/wp-json\/wp\/v2\/posts\/2638","targetHints":{"allow":["GET"]}}],"collection":[{"href":"https:\/\/moblesbaltasar.com\/ca\/wp-json\/wp\/v2\/posts"}],"about":[{"href":"https:\/\/moblesbaltasar.com\/ca\/wp-json\/wp\/v2\/types\/post"}],"author":[{"embeddable":true,"href":"https:\/\/moblesbaltasar.com\/ca\/wp-json\/wp\/v2\/users\/2"}],"replies":[{"embeddable":true,"href":"https:\/\/moblesbaltasar.com\/ca\/wp-json\/wp\/v2\/comments?post=2638"}],"version-history":[{"count":8,"href":"https:\/\/moblesbaltasar.com\/ca\/wp-json\/wp\/v2\/posts\/2638\/revisions"}],"predecessor-version":[{"id":2652,"href":"https:\/\/moblesbaltasar.com\/ca\/wp-json\/wp\/v2\/posts\/2638\/revisions\/2652"}],"wp:featuredmedia":[{"embeddable":true,"href":"https:\/\/moblesbaltasar.com\/ca\/wp-json\/wp\/v2\/media\/2648"}],"wp:attachment":[{"href":"https:\/\/moblesbaltasar.com\/ca\/wp-json\/wp\/v2\/media?parent=2638"}],"wp:term":[{"taxonomy":"category","embeddable":true,"href":"https:\/\/moblesbaltasar.com\/ca\/wp-json\/wp\/v2\/categories?post=2638"},{"taxonomy":"post_tag","embeddable":true,"href":"https:\/\/moblesbaltasar.com\/ca\/wp-json\/wp\/v2\/tags?post=2638"}],"curies":[{"name":"wp","href":"https:\/\/api.w.org\/{rel}","templated":true}]}}