{"id":2746,"date":"2023-10-10T16:50:39","date_gmt":"2023-10-10T14:50:39","guid":{"rendered":"https:\/\/moblesbaltasar.com\/?p=2746"},"modified":"2023-10-17T11:45:24","modified_gmt":"2023-10-17T09:45:24","slug":"diseno-industrial-en-la-cocina-y-el-comedor-un-proyecto-de-vanguardia","status":"publish","type":"post","link":"https:\/\/moblesbaltasar.com\/ca\/diseno-industrial-en-la-cocina-y-el-comedor-un-proyecto-de-vanguardia\/","title":{"rendered":"Dise\u00f1o industrial en la cocina y el comedor. Un proyecto de vanguardia."},"content":{"rendered":"<div data-elementor-type=\"wp-post\" data-elementor-id=\"2746\" class=\"elementor elementor-2746\" data-elementor-post-type=\"post\">\n\t\t\t\t\t\t<section class=\"elementor-section elementor-top-section elementor-element elementor-element-015d9d2 elementor-section-boxed elementor-section-height-default elementor-section-height-default\" data-id=\"015d9d2\" data-element_type=\"section\" data-e-type=\"section\">\n\t\t\t\t\t\t<div class=\"elementor-container elementor-column-gap-default\">\n\t\t\t\t\t<div class=\"elementor-column elementor-col-100 elementor-top-column elementor-element elementor-element-b3a67b0\" data-id=\"b3a67b0\" data-element_type=\"column\" data-e-type=\"column\">\n\t\t\t<div class=\"elementor-widget-wrap elementor-element-populated\">\n\t\t\t\t\t\t<div class=\"elementor-element elementor-element-915469a elementor-widget elementor-widget-spacer\" data-id=\"915469a\" data-element_type=\"widget\" data-e-type=\"widget\" data-widget_type=\"spacer.default\">\n\t\t\t\t<div class=\"elementor-widget-container\">\n\t\t\t\t\t\t\t<div class=\"elementor-spacer\">\n\t\t\t<div class=\"elementor-spacer-inner\"><\/div>\n\t\t<\/div>\n\t\t\t\t\t\t<\/div>\n\t\t\t\t<\/div>\n\t\t\t\t<div class=\"elementor-element elementor-element-f0165d1 elementor-widget elementor-widget-text-editor\" data-id=\"f0165d1\" data-element_type=\"widget\" data-e-type=\"widget\" data-widget_type=\"text-editor.default\">\n\t\t\t\t<div class=\"elementor-widget-container\">\n\t\t\t\t\t\t\t\t\t<p>En este emocionante proyecto de <span style=\"text-decoration: underline;\"><strong>reforma integral de vivienda,<\/strong><\/span> nuestro cliente nos confi\u00f3 la tarea de <strong>transformar un espacio tradicional en una \u00e1rea abierta de cocina y comedor.<\/strong> Cada detalle fue seleccionado para lograr una coordinaci\u00f3n perfecta entre los materiales y elementos de dise\u00f1o.<\/p><p>La <strong>cocina<\/strong> se convirti\u00f3 en el coraz\u00f3n del hogar, con un dise\u00f1o que enfatiza la <em>luminosidad y la claridad.<\/em> Optamos por una est\u00e9tica de <em>cocina blanca y luminosa<\/em> que irradia orden y limpieza. Esta elecci\u00f3n proporciona un fuerte <strong>contraste<\/strong> con la zona del comedor, que abraza un <em>estilo m\u00e1s industrial y robusto.<\/em><\/p><p>Uno de los elementos destacados de esta transformaci\u00f3n es la <strong>chimenea,<\/strong> que se ha integrado como parte principal de un mueble a medida. Esta chimenea no solo agrega un toque de <em>elegancia,<\/em> sino que tambi\u00e9n brinda un <em>ambiente acogedor y reconfortante,<\/em> perfecto para disfrutar de momentos especiales en familia y con amigos.<\/p><p>Para realzar a\u00fan m\u00e1s la belleza de la cocina y el comedor, incorporamos <strong>luces indirectas<\/strong> estrat\u00e9gicamente ubicadas debajo de los muebles, lo que resalta el listonado y a\u00f1ade un toque de sofisticaci\u00f3n que cautiv\u00f3 al cliente.<\/p><p>La privacidad y la funcionalidad se abordaron de manera inteligente mediante la instalaci\u00f3n de una puerta corredera que conecta el recibidor con el comedor. Esta puerta no solo cumple su funci\u00f3n pr\u00e1ctica, sino que tambi\u00e9n se convierte en un elemento de dise\u00f1o que acent\u00faa el estilo industrial deseado por el cliente.<\/p><p>Estamos encantados de haber hecho realidad la visi\u00f3n de nuestro cliente y de haber creado un espacio que seguramente ser\u00e1 el centro de la vida familiar y social en su hogar.<\/p>\t\t\t\t\t\t\t\t<\/div>\n\t\t\t\t<\/div>\n\t\t\t\t<div class=\"elementor-element elementor-element-cd4a2d5 elementor-widget elementor-widget-spacer\" data-id=\"cd4a2d5\" data-element_type=\"widget\" data-e-type=\"widget\" data-widget_type=\"spacer.default\">\n\t\t\t\t<div class=\"elementor-widget-container\">\n\t\t\t\t\t\t\t<div class=\"elementor-spacer\">\n\t\t\t<div class=\"elementor-spacer-inner\"><\/div>\n\t\t<\/div>\n\t\t\t\t\t\t<\/div>\n\t\t\t\t<\/div>\n\t\t\t\t<div class=\"elementor-element elementor-element-2fa85c2 elementor-widget elementor-widget-gallery\" data-id=\"2fa85c2\" data-element_type=\"widget\" data-e-type=\"widget\" data-settings=\"{&quot;gallery_layout&quot;:&quot;masonry&quot;,&quot;columns&quot;:2,&quot;lazyload&quot;:&quot;yes&quot;,&quot;columns_tablet&quot;:2,&quot;columns_mobile&quot;:1,&quot;gap&quot;:{&quot;unit&quot;:&quot;px&quot;,&quot;size&quot;:10,&quot;sizes&quot;:[]},&quot;gap_tablet&quot;:{&quot;unit&quot;:&quot;px&quot;,&quot;size&quot;:10,&quot;sizes&quot;:[]},&quot;gap_mobile&quot;:{&quot;unit&quot;:&quot;px&quot;,&quot;size&quot;:10,&quot;sizes&quot;:[]},&quot;link_to&quot;:&quot;file&quot;,&quot;overlay_background&quot;:&quot;yes&quot;,&quot;content_hover_animation&quot;:&quot;fade-in&quot;}\" data-widget_type=\"gallery.default\">\n\t\t\t\t<div class=\"elementor-widget-container\">\n\t\t\t\t\t\t\t<div class=\"elementor-gallery__container\">\n\t\t\t\t\t\t\t<a class=\"e-gallery-item elementor-gallery-item elementor-animated-content\" href=\"https:\/\/moblesbaltasar.com\/wp-content\/uploads\/2023\/10\/IMG-20200925-WA0045_r.jpg\" data-elementor-open-lightbox=\"yes\" data-elementor-lightbox-slideshow=\"2fa85c2\" data-e-action-hash=\"#elementor-action%3Aaction%3Dlightbox%26settings%3DeyJpZCI6Mjc2MiwidXJsIjoiaHR0cHM6XC9cL21vYmxlc2JhbHRhc2FyLmNvbVwvd3AtY29udGVudFwvdXBsb2Fkc1wvMjAyM1wvMTBcL0lNRy0yMDIwMDkyNS1XQTAwNDVfci5qcGciLCJzbGlkZXNob3ciOiIyZmE4NWMyIn0%3D\">\n\t\t\t\t\t<div class=\"e-gallery-image elementor-gallery-item__image\" data-thumbnail=\"https:\/\/moblesbaltasar.com\/wp-content\/uploads\/2023\/10\/IMG-20200925-WA0045_r.jpg\" data-width=\"2016\" data-height=\"1134\" aria-label=\"\" role=\"img\" ><\/div>\n\t\t\t\t\t\t\t\t\t\t\t<div class=\"elementor-gallery-item__overlay\"><\/div>\n\t\t\t\t\t\t\t\t\t\t\t\t\t\t<\/a>\n\t\t\t\t\t\t\t<a class=\"e-gallery-item elementor-gallery-item elementor-animated-content\" href=\"https:\/\/moblesbaltasar.com\/wp-content\/uploads\/2023\/10\/IMG-20200925-WA0046_r.jpg\" data-elementor-open-lightbox=\"yes\" data-elementor-lightbox-slideshow=\"2fa85c2\" data-e-action-hash=\"#elementor-action%3Aaction%3Dlightbox%26settings%3DeyJpZCI6Mjc2NCwidXJsIjoiaHR0cHM6XC9cL21vYmxlc2JhbHRhc2FyLmNvbVwvd3AtY29udGVudFwvdXBsb2Fkc1wvMjAyM1wvMTBcL0lNRy0yMDIwMDkyNS1XQTAwNDZfci5qcGciLCJzbGlkZXNob3ciOiIyZmE4NWMyIn0%3D\">\n\t\t\t\t\t<div class=\"e-gallery-image elementor-gallery-item__image\" data-thumbnail=\"https:\/\/moblesbaltasar.com\/wp-content\/uploads\/2023\/10\/IMG-20200925-WA0046_r.jpg\" data-width=\"2016\" data-height=\"1134\" aria-label=\"\" role=\"img\" ><\/div>\n\t\t\t\t\t\t\t\t\t\t\t<div class=\"elementor-gallery-item__overlay\"><\/div>\n\t\t\t\t\t\t\t\t\t\t\t\t\t\t<\/a>\n\t\t\t\t\t\t\t<a class=\"e-gallery-item elementor-gallery-item elementor-animated-content\" href=\"https:\/\/moblesbaltasar.com\/wp-content\/uploads\/2023\/10\/IMG-20200925-WA0022_r.jpg\" data-elementor-open-lightbox=\"yes\" data-elementor-lightbox-slideshow=\"2fa85c2\" data-e-action-hash=\"#elementor-action%3Aaction%3Dlightbox%26settings%3DeyJpZCI6Mjc1OCwidXJsIjoiaHR0cHM6XC9cL21vYmxlc2JhbHRhc2FyLmNvbVwvd3AtY29udGVudFwvdXBsb2Fkc1wvMjAyM1wvMTBcL0lNRy0yMDIwMDkyNS1XQTAwMjJfci5qcGciLCJzbGlkZXNob3ciOiIyZmE4NWMyIn0%3D\">\n\t\t\t\t\t<div class=\"e-gallery-image elementor-gallery-item__image\" data-thumbnail=\"https:\/\/moblesbaltasar.com\/wp-content\/uploads\/2023\/10\/IMG-20200925-WA0022_r.jpg\" data-width=\"2016\" data-height=\"1134\" aria-label=\"\" role=\"img\" ><\/div>\n\t\t\t\t\t\t\t\t\t\t\t<div class=\"elementor-gallery-item__overlay\"><\/div>\n\t\t\t\t\t\t\t\t\t\t\t\t\t\t<\/a>\n\t\t\t\t\t\t\t<a class=\"e-gallery-item elementor-gallery-item elementor-animated-content\" href=\"https:\/\/moblesbaltasar.com\/wp-content\/uploads\/2023\/10\/IMG-20200925-WA0021_r.png\" data-elementor-open-lightbox=\"yes\" data-elementor-lightbox-slideshow=\"2fa85c2\" data-e-action-hash=\"#elementor-action%3Aaction%3Dlightbox%26settings%3DeyJpZCI6Mjc1NiwidXJsIjoiaHR0cHM6XC9cL21vYmxlc2JhbHRhc2FyLmNvbVwvd3AtY29udGVudFwvdXBsb2Fkc1wvMjAyM1wvMTBcL0lNRy0yMDIwMDkyNS1XQTAwMjFfci5wbmciLCJzbGlkZXNob3ciOiIyZmE4NWMyIn0%3D\">\n\t\t\t\t\t<div class=\"e-gallery-image elementor-gallery-item__image\" data-thumbnail=\"https:\/\/moblesbaltasar.com\/wp-content\/uploads\/2023\/10\/IMG-20200925-WA0021_r.png\" data-width=\"2016\" data-height=\"1134\" aria-label=\"\" role=\"img\" ><\/div>\n\t\t\t\t\t\t\t\t\t\t\t<div class=\"elementor-gallery-item__overlay\"><\/div>\n\t\t\t\t\t\t\t\t\t\t\t\t\t\t<\/a>\n\t\t\t\t\t\t\t<a class=\"e-gallery-item elementor-gallery-item elementor-animated-content\" href=\"https:\/\/moblesbaltasar.com\/wp-content\/uploads\/2023\/10\/IMG-20200925-WA0052_r.jpg\" data-elementor-open-lightbox=\"yes\" data-elementor-lightbox-slideshow=\"2fa85c2\" data-e-action-hash=\"#elementor-action%3Aaction%3Dlightbox%26settings%3DeyJpZCI6Mjc2OCwidXJsIjoiaHR0cHM6XC9cL21vYmxlc2JhbHRhc2FyLmNvbVwvd3AtY29udGVudFwvdXBsb2Fkc1wvMjAyM1wvMTBcL0lNRy0yMDIwMDkyNS1XQTAwNTJfci5qcGciLCJzbGlkZXNob3ciOiIyZmE4NWMyIn0%3D\">\n\t\t\t\t\t<div class=\"e-gallery-image elementor-gallery-item__image\" data-thumbnail=\"https:\/\/moblesbaltasar.com\/wp-content\/uploads\/2023\/10\/IMG-20200925-WA0052_r.jpg\" data-width=\"1134\" data-height=\"2016\" aria-label=\"\" role=\"img\" ><\/div>\n\t\t\t\t\t\t\t\t\t\t\t<div class=\"elementor-gallery-item__overlay\"><\/div>\n\t\t\t\t\t\t\t\t\t\t\t\t\t\t<\/a>\n\t\t\t\t\t\t\t<a class=\"e-gallery-item elementor-gallery-item elementor-animated-content\" href=\"https:\/\/moblesbaltasar.com\/wp-content\/uploads\/2023\/10\/IMG-20200925-WA0055_r.jpg\" data-elementor-open-lightbox=\"yes\" data-elementor-lightbox-slideshow=\"2fa85c2\" data-e-action-hash=\"#elementor-action%3Aaction%3Dlightbox%26settings%3DeyJpZCI6Mjc3MCwidXJsIjoiaHR0cHM6XC9cL21vYmxlc2JhbHRhc2FyLmNvbVwvd3AtY29udGVudFwvdXBsb2Fkc1wvMjAyM1wvMTBcL0lNRy0yMDIwMDkyNS1XQTAwNTVfci5qcGciLCJzbGlkZXNob3ciOiIyZmE4NWMyIn0%3D\">\n\t\t\t\t\t<div class=\"e-gallery-image elementor-gallery-item__image\" data-thumbnail=\"https:\/\/moblesbaltasar.com\/wp-content\/uploads\/2023\/10\/IMG-20200925-WA0055_r.jpg\" data-width=\"1134\" data-height=\"2016\" aria-label=\"\" role=\"img\" ><\/div>\n\t\t\t\t\t\t\t\t\t\t\t<div class=\"elementor-gallery-item__overlay\"><\/div>\n\t\t\t\t\t\t\t\t\t\t\t\t\t\t<\/a>\n\t\t\t\t\t\t\t<a class=\"e-gallery-item elementor-gallery-item elementor-animated-content\" href=\"https:\/\/moblesbaltasar.com\/wp-content\/uploads\/2023\/10\/IMG-20200925-WA0032_r.jpg\" data-elementor-open-lightbox=\"yes\" data-elementor-lightbox-slideshow=\"2fa85c2\" data-e-action-hash=\"#elementor-action%3Aaction%3Dlightbox%26settings%3DeyJpZCI6Mjc2MCwidXJsIjoiaHR0cHM6XC9cL21vYmxlc2JhbHRhc2FyLmNvbVwvd3AtY29udGVudFwvdXBsb2Fkc1wvMjAyM1wvMTBcL0lNRy0yMDIwMDkyNS1XQTAwMzJfci5qcGciLCJzbGlkZXNob3ciOiIyZmE4NWMyIn0%3D\">\n\t\t\t\t\t<div class=\"e-gallery-image elementor-gallery-item__image\" data-thumbnail=\"https:\/\/moblesbaltasar.com\/wp-content\/uploads\/2023\/10\/IMG-20200925-WA0032_r.jpg\" data-width=\"2016\" data-height=\"1134\" aria-label=\"\" role=\"img\" ><\/div>\n\t\t\t\t\t\t\t\t\t\t\t<div class=\"elementor-gallery-item__overlay\"><\/div>\n\t\t\t\t\t\t\t\t\t\t\t\t\t\t<\/a>\n\t\t\t\t\t\t\t<a class=\"e-gallery-item elementor-gallery-item elementor-animated-content\" href=\"https:\/\/moblesbaltasar.com\/wp-content\/uploads\/2023\/10\/IMG-20200925-WA0063_r.jpg\" data-elementor-open-lightbox=\"yes\" data-elementor-lightbox-slideshow=\"2fa85c2\" data-e-action-hash=\"#elementor-action%3Aaction%3Dlightbox%26settings%3DeyJpZCI6Mjc3MiwidXJsIjoiaHR0cHM6XC9cL21vYmxlc2JhbHRhc2FyLmNvbVwvd3AtY29udGVudFwvdXBsb2Fkc1wvMjAyM1wvMTBcL0lNRy0yMDIwMDkyNS1XQTAwNjNfci5qcGciLCJzbGlkZXNob3ciOiIyZmE4NWMyIn0%3D\">\n\t\t\t\t\t<div class=\"e-gallery-image elementor-gallery-item__image\" data-thumbnail=\"https:\/\/moblesbaltasar.com\/wp-content\/uploads\/2023\/10\/IMG-20200925-WA0063_r.jpg\" data-width=\"2016\" data-height=\"1134\" aria-label=\"\" role=\"img\" ><\/div>\n\t\t\t\t\t\t\t\t\t\t\t<div class=\"elementor-gallery-item__overlay\"><\/div>\n\t\t\t\t\t\t\t\t\t\t\t\t\t\t<\/a>\n\t\t\t\t\t<\/div>\n\t\t\t\t\t<\/div>\n\t\t\t\t<\/div>\n\t\t\t\t\t<\/div>\n\t\t<\/div>\n\t\t\t\t\t<\/div>\n\t\t<\/section>\n\t\t\t\t<\/div>","protected":false},"excerpt":{"rendered":"<p>En este emocionante proyecto de reforma integral de vivienda, nuestro cliente nos confi\u00f3 la tarea de transformar un espacio tradicional en una \u00e1rea abierta de cocina y comedor. Cada detalle fue seleccionado para lograr una coordinaci\u00f3n perfecta entre los materiales y elementos de dise\u00f1o. La cocina se convirti\u00f3 en el coraz\u00f3n del hogar, con un [&hellip;]<\/p>\n","protected":false},"author":2,"featured_media":2776,"comment_status":"closed","ping_status":"closed","sticky":false,"template":"","format":"standard","meta":{"footnotes":""},"categories":[1],"tags":[23],"class_list":["post-2746","post","type-post","status-publish","format-standard","has-post-thumbnail","hentry","category-uncategorized","tag-proyectos"],"yoast_head":"<!-- This site is optimized with the Yoast SEO plugin v27.5 - https:\/\/yoast.com\/product\/yoast-seo-wordpress\/ -->\n<title>Dise\u00f1o industrial en la cocina y el comedor. Un proyecto de vanguardia. - Mobles Baltasar<\/title>\n<meta name=\"robots\" content=\"index, follow, max-snippet:-1, max-image-preview:large, max-video-preview:-1\" \/>\n<link rel=\"canonical\" href=\"https:\/\/moblesbaltasar.com\/ca\/diseno-industrial-en-la-cocina-y-el-comedor-un-proyecto-de-vanguardia\/\" \/>\n<meta property=\"og:locale\" content=\"ca_ES\" \/>\n<meta property=\"og:type\" content=\"article\" \/>\n<meta property=\"og:title\" content=\"Dise\u00f1o industrial en la cocina y el comedor. Un proyecto de vanguardia. - Mobles Baltasar\" \/>\n<meta property=\"og:description\" content=\"En este emocionante proyecto de reforma integral de vivienda, nuestro cliente nos confi\u00f3 la tarea de transformar un espacio tradicional en una \u00e1rea abierta de cocina y comedor. Cada detalle fue seleccionado para lograr una coordinaci\u00f3n perfecta entre los materiales y elementos de dise\u00f1o. La cocina se convirti\u00f3 en el coraz\u00f3n del hogar, con un [&hellip;]\" \/>\n<meta property=\"og:url\" content=\"https:\/\/moblesbaltasar.com\/ca\/diseno-industrial-en-la-cocina-y-el-comedor-un-proyecto-de-vanguardia\/\" \/>\n<meta property=\"og:site_name\" content=\"Mobles Baltasar\" \/>\n<meta property=\"article:published_time\" content=\"2023-10-10T14:50:39+00:00\" \/>\n<meta property=\"article:modified_time\" content=\"2023-10-17T09:45:24+00:00\" \/>\n<meta property=\"og:image\" content=\"https:\/\/moblesbaltasar.com\/wp-content\/uploads\/2023\/10\/IMG-20200925-WA0032_destacada.jpg\" \/>\n\t<meta property=\"og:image:width\" content=\"1920\" \/>\n\t<meta property=\"og:image:height\" content=\"1920\" \/>\n\t<meta property=\"og:image:type\" content=\"image\/jpeg\" \/>\n<meta name=\"author\" content=\"admin\" \/>\n<meta name=\"twitter:card\" content=\"summary_large_image\" \/>\n<meta name=\"twitter:label1\" content=\"Escrit per\" \/>\n\t<meta name=\"twitter:data1\" content=\"admin\" \/>\n\t<meta name=\"twitter:label2\" content=\"Temps estimat de lectura\" \/>\n\t<meta name=\"twitter:data2\" content=\"2 minuts\" \/>\n<script type=\"application\/ld+json\" class=\"yoast-schema-graph\">{\"@context\":\"https:\\\/\\\/schema.org\",\"@graph\":[{\"@type\":\"Article\",\"@id\":\"https:\\\/\\\/moblesbaltasar.com\\\/diseno-industrial-en-la-cocina-y-el-comedor-un-proyecto-de-vanguardia\\\/#article\",\"isPartOf\":{\"@id\":\"https:\\\/\\\/moblesbaltasar.com\\\/diseno-industrial-en-la-cocina-y-el-comedor-un-proyecto-de-vanguardia\\\/\"},\"author\":{\"name\":\"admin\",\"@id\":\"https:\\\/\\\/moblesbaltasar.com\\\/#\\\/schema\\\/person\\\/ebc49c22cf82e3f0785c16c9efd6b5fe\"},\"headline\":\"Dise\u00f1o industrial en la cocina y el comedor. Un proyecto de vanguardia.\",\"datePublished\":\"2023-10-10T14:50:39+00:00\",\"dateModified\":\"2023-10-17T09:45:24+00:00\",\"mainEntityOfPage\":{\"@id\":\"https:\\\/\\\/moblesbaltasar.com\\\/diseno-industrial-en-la-cocina-y-el-comedor-un-proyecto-de-vanguardia\\\/\"},\"wordCount\":300,\"publisher\":{\"@id\":\"https:\\\/\\\/moblesbaltasar.com\\\/#organization\"},\"image\":{\"@id\":\"https:\\\/\\\/moblesbaltasar.com\\\/diseno-industrial-en-la-cocina-y-el-comedor-un-proyecto-de-vanguardia\\\/#primaryimage\"},\"thumbnailUrl\":\"https:\\\/\\\/moblesbaltasar.com\\\/wp-content\\\/uploads\\\/2023\\\/10\\\/IMG-20200925-WA0032_destacada.jpg\",\"keywords\":[\"Proyectos\"],\"articleSection\":[\"Uncategorized\"],\"inLanguage\":\"ca\"},{\"@type\":\"WebPage\",\"@id\":\"https:\\\/\\\/moblesbaltasar.com\\\/diseno-industrial-en-la-cocina-y-el-comedor-un-proyecto-de-vanguardia\\\/\",\"url\":\"https:\\\/\\\/moblesbaltasar.com\\\/diseno-industrial-en-la-cocina-y-el-comedor-un-proyecto-de-vanguardia\\\/\",\"name\":\"Dise\u00f1o industrial en la cocina y el comedor. Un proyecto de vanguardia. - Mobles Baltasar\",\"isPartOf\":{\"@id\":\"https:\\\/\\\/moblesbaltasar.com\\\/#website\"},\"primaryImageOfPage\":{\"@id\":\"https:\\\/\\\/moblesbaltasar.com\\\/diseno-industrial-en-la-cocina-y-el-comedor-un-proyecto-de-vanguardia\\\/#primaryimage\"},\"image\":{\"@id\":\"https:\\\/\\\/moblesbaltasar.com\\\/diseno-industrial-en-la-cocina-y-el-comedor-un-proyecto-de-vanguardia\\\/#primaryimage\"},\"thumbnailUrl\":\"https:\\\/\\\/moblesbaltasar.com\\\/wp-content\\\/uploads\\\/2023\\\/10\\\/IMG-20200925-WA0032_destacada.jpg\",\"datePublished\":\"2023-10-10T14:50:39+00:00\",\"dateModified\":\"2023-10-17T09:45:24+00:00\",\"breadcrumb\":{\"@id\":\"https:\\\/\\\/moblesbaltasar.com\\\/diseno-industrial-en-la-cocina-y-el-comedor-un-proyecto-de-vanguardia\\\/#breadcrumb\"},\"inLanguage\":\"ca\",\"potentialAction\":[{\"@type\":\"ReadAction\",\"target\":[\"https:\\\/\\\/moblesbaltasar.com\\\/diseno-industrial-en-la-cocina-y-el-comedor-un-proyecto-de-vanguardia\\\/\"]}]},{\"@type\":\"ImageObject\",\"inLanguage\":\"ca\",\"@id\":\"https:\\\/\\\/moblesbaltasar.com\\\/diseno-industrial-en-la-cocina-y-el-comedor-un-proyecto-de-vanguardia\\\/#primaryimage\",\"url\":\"https:\\\/\\\/moblesbaltasar.com\\\/wp-content\\\/uploads\\\/2023\\\/10\\\/IMG-20200925-WA0032_destacada.jpg\",\"contentUrl\":\"https:\\\/\\\/moblesbaltasar.com\\\/wp-content\\\/uploads\\\/2023\\\/10\\\/IMG-20200925-WA0032_destacada.jpg\",\"width\":1920,\"height\":1920},{\"@type\":\"BreadcrumbList\",\"@id\":\"https:\\\/\\\/moblesbaltasar.com\\\/diseno-industrial-en-la-cocina-y-el-comedor-un-proyecto-de-vanguardia\\\/#breadcrumb\",\"itemListElement\":[{\"@type\":\"ListItem\",\"position\":1,\"name\":\"Portada\",\"item\":\"https:\\\/\\\/moblesbaltasar.com\\\/\"},{\"@type\":\"ListItem\",\"position\":2,\"name\":\"Dise\u00f1o industrial en la cocina y el comedor. Un proyecto de vanguardia.\"}]},{\"@type\":\"WebSite\",\"@id\":\"https:\\\/\\\/moblesbaltasar.com\\\/#website\",\"url\":\"https:\\\/\\\/moblesbaltasar.com\\\/\",\"name\":\"Mobles Baltasar\",\"description\":\"El sitio d\u00f3nde se empieza a crear tu espacio\",\"publisher\":{\"@id\":\"https:\\\/\\\/moblesbaltasar.com\\\/#organization\"},\"potentialAction\":[{\"@type\":\"SearchAction\",\"target\":{\"@type\":\"EntryPoint\",\"urlTemplate\":\"https:\\\/\\\/moblesbaltasar.com\\\/?s={search_term_string}\"},\"query-input\":{\"@type\":\"PropertyValueSpecification\",\"valueRequired\":true,\"valueName\":\"search_term_string\"}}],\"inLanguage\":\"ca\"},{\"@type\":\"Organization\",\"@id\":\"https:\\\/\\\/moblesbaltasar.com\\\/#organization\",\"name\":\"Mobles Baltasar\",\"url\":\"https:\\\/\\\/moblesbaltasar.com\\\/\",\"logo\":{\"@type\":\"ImageObject\",\"inLanguage\":\"ca\",\"@id\":\"https:\\\/\\\/moblesbaltasar.com\\\/#\\\/schema\\\/logo\\\/image\\\/\",\"url\":\"https:\\\/\\\/moblesbaltasar.com\\\/wp-content\\\/uploads\\\/2023\\\/07\\\/Mobles-Baltasar-logo-verd-fort.png\",\"contentUrl\":\"https:\\\/\\\/moblesbaltasar.com\\\/wp-content\\\/uploads\\\/2023\\\/07\\\/Mobles-Baltasar-logo-verd-fort.png\",\"width\":400,\"height\":93,\"caption\":\"Mobles Baltasar\"},\"image\":{\"@id\":\"https:\\\/\\\/moblesbaltasar.com\\\/#\\\/schema\\\/logo\\\/image\\\/\"}},{\"@type\":\"Person\",\"@id\":\"https:\\\/\\\/moblesbaltasar.com\\\/#\\\/schema\\\/person\\\/ebc49c22cf82e3f0785c16c9efd6b5fe\",\"name\":\"admin\",\"image\":{\"@type\":\"ImageObject\",\"inLanguage\":\"ca\",\"@id\":\"https:\\\/\\\/secure.gravatar.com\\\/avatar\\\/a775623430216bd5424016f1018890920fc13a9d964465c6c4133310bf4e30a2?s=96&d=mm&r=g\",\"url\":\"https:\\\/\\\/secure.gravatar.com\\\/avatar\\\/a775623430216bd5424016f1018890920fc13a9d964465c6c4133310bf4e30a2?s=96&d=mm&r=g\",\"contentUrl\":\"https:\\\/\\\/secure.gravatar.com\\\/avatar\\\/a775623430216bd5424016f1018890920fc13a9d964465c6c4133310bf4e30a2?s=96&d=mm&r=g\",\"caption\":\"admin\"},\"url\":\"https:\\\/\\\/moblesbaltasar.com\\\/ca\\\/author\\\/admin\\\/\"}]}<\/script>\n<!-- \/ Yoast SEO plugin. -->","yoast_head_json":{"title":"Dise\u00f1o industrial en la cocina y el comedor. Un proyecto de vanguardia. - Mobles Baltasar","robots":{"index":"index","follow":"follow","max-snippet":"max-snippet:-1","max-image-preview":"max-image-preview:large","max-video-preview":"max-video-preview:-1"},"canonical":"https:\/\/moblesbaltasar.com\/ca\/diseno-industrial-en-la-cocina-y-el-comedor-un-proyecto-de-vanguardia\/","og_locale":"ca_ES","og_type":"article","og_title":"Dise\u00f1o industrial en la cocina y el comedor. Un proyecto de vanguardia. - Mobles Baltasar","og_description":"En este emocionante proyecto de reforma integral de vivienda, nuestro cliente nos confi\u00f3 la tarea de transformar un espacio tradicional en una \u00e1rea abierta de cocina y comedor. Cada detalle fue seleccionado para lograr una coordinaci\u00f3n perfecta entre los materiales y elementos de dise\u00f1o. La cocina se convirti\u00f3 en el coraz\u00f3n del hogar, con un [&hellip;]","og_url":"https:\/\/moblesbaltasar.com\/ca\/diseno-industrial-en-la-cocina-y-el-comedor-un-proyecto-de-vanguardia\/","og_site_name":"Mobles Baltasar","article_published_time":"2023-10-10T14:50:39+00:00","article_modified_time":"2023-10-17T09:45:24+00:00","og_image":[{"width":1920,"height":1920,"url":"https:\/\/moblesbaltasar.com\/wp-content\/uploads\/2023\/10\/IMG-20200925-WA0032_destacada.jpg","type":"image\/jpeg"}],"author":"admin","twitter_card":"summary_large_image","twitter_misc":{"Escrit per":"admin","Temps estimat de lectura":"2 minuts"},"schema":{"@context":"https:\/\/schema.org","@graph":[{"@type":"Article","@id":"https:\/\/moblesbaltasar.com\/diseno-industrial-en-la-cocina-y-el-comedor-un-proyecto-de-vanguardia\/#article","isPartOf":{"@id":"https:\/\/moblesbaltasar.com\/diseno-industrial-en-la-cocina-y-el-comedor-un-proyecto-de-vanguardia\/"},"author":{"name":"admin","@id":"https:\/\/moblesbaltasar.com\/#\/schema\/person\/ebc49c22cf82e3f0785c16c9efd6b5fe"},"headline":"Dise\u00f1o industrial en la cocina y el comedor. Un proyecto de vanguardia.","datePublished":"2023-10-10T14:50:39+00:00","dateModified":"2023-10-17T09:45:24+00:00","mainEntityOfPage":{"@id":"https:\/\/moblesbaltasar.com\/diseno-industrial-en-la-cocina-y-el-comedor-un-proyecto-de-vanguardia\/"},"wordCount":300,"publisher":{"@id":"https:\/\/moblesbaltasar.com\/#organization"},"image":{"@id":"https:\/\/moblesbaltasar.com\/diseno-industrial-en-la-cocina-y-el-comedor-un-proyecto-de-vanguardia\/#primaryimage"},"thumbnailUrl":"https:\/\/moblesbaltasar.com\/wp-content\/uploads\/2023\/10\/IMG-20200925-WA0032_destacada.jpg","keywords":["Proyectos"],"articleSection":["Uncategorized"],"inLanguage":"ca"},{"@type":"WebPage","@id":"https:\/\/moblesbaltasar.com\/diseno-industrial-en-la-cocina-y-el-comedor-un-proyecto-de-vanguardia\/","url":"https:\/\/moblesbaltasar.com\/diseno-industrial-en-la-cocina-y-el-comedor-un-proyecto-de-vanguardia\/","name":"Dise\u00f1o industrial en la cocina y el comedor. Un proyecto de vanguardia. - Mobles Baltasar","isPartOf":{"@id":"https:\/\/moblesbaltasar.com\/#website"},"primaryImageOfPage":{"@id":"https:\/\/moblesbaltasar.com\/diseno-industrial-en-la-cocina-y-el-comedor-un-proyecto-de-vanguardia\/#primaryimage"},"image":{"@id":"https:\/\/moblesbaltasar.com\/diseno-industrial-en-la-cocina-y-el-comedor-un-proyecto-de-vanguardia\/#primaryimage"},"thumbnailUrl":"https:\/\/moblesbaltasar.com\/wp-content\/uploads\/2023\/10\/IMG-20200925-WA0032_destacada.jpg","datePublished":"2023-10-10T14:50:39+00:00","dateModified":"2023-10-17T09:45:24+00:00","breadcrumb":{"@id":"https:\/\/moblesbaltasar.com\/diseno-industrial-en-la-cocina-y-el-comedor-un-proyecto-de-vanguardia\/#breadcrumb"},"inLanguage":"ca","potentialAction":[{"@type":"ReadAction","target":["https:\/\/moblesbaltasar.com\/diseno-industrial-en-la-cocina-y-el-comedor-un-proyecto-de-vanguardia\/"]}]},{"@type":"ImageObject","inLanguage":"ca","@id":"https:\/\/moblesbaltasar.com\/diseno-industrial-en-la-cocina-y-el-comedor-un-proyecto-de-vanguardia\/#primaryimage","url":"https:\/\/moblesbaltasar.com\/wp-content\/uploads\/2023\/10\/IMG-20200925-WA0032_destacada.jpg","contentUrl":"https:\/\/moblesbaltasar.com\/wp-content\/uploads\/2023\/10\/IMG-20200925-WA0032_destacada.jpg","width":1920,"height":1920},{"@type":"BreadcrumbList","@id":"https:\/\/moblesbaltasar.com\/diseno-industrial-en-la-cocina-y-el-comedor-un-proyecto-de-vanguardia\/#breadcrumb","itemListElement":[{"@type":"ListItem","position":1,"name":"Portada","item":"https:\/\/moblesbaltasar.com\/"},{"@type":"ListItem","position":2,"name":"Dise\u00f1o industrial en la cocina y el comedor. Un proyecto de vanguardia."}]},{"@type":"WebSite","@id":"https:\/\/moblesbaltasar.com\/#website","url":"https:\/\/moblesbaltasar.com\/","name":"Mobles Baltasar","description":"El sitio d\u00f3nde se empieza a crear tu espacio","publisher":{"@id":"https:\/\/moblesbaltasar.com\/#organization"},"potentialAction":[{"@type":"SearchAction","target":{"@type":"EntryPoint","urlTemplate":"https:\/\/moblesbaltasar.com\/?s={search_term_string}"},"query-input":{"@type":"PropertyValueSpecification","valueRequired":true,"valueName":"search_term_string"}}],"inLanguage":"ca"},{"@type":"Organization","@id":"https:\/\/moblesbaltasar.com\/#organization","name":"Mobles Baltasar","url":"https:\/\/moblesbaltasar.com\/","logo":{"@type":"ImageObject","inLanguage":"ca","@id":"https:\/\/moblesbaltasar.com\/#\/schema\/logo\/image\/","url":"https:\/\/moblesbaltasar.com\/wp-content\/uploads\/2023\/07\/Mobles-Baltasar-logo-verd-fort.png","contentUrl":"https:\/\/moblesbaltasar.com\/wp-content\/uploads\/2023\/07\/Mobles-Baltasar-logo-verd-fort.png","width":400,"height":93,"caption":"Mobles Baltasar"},"image":{"@id":"https:\/\/moblesbaltasar.com\/#\/schema\/logo\/image\/"}},{"@type":"Person","@id":"https:\/\/moblesbaltasar.com\/#\/schema\/person\/ebc49c22cf82e3f0785c16c9efd6b5fe","name":"admin","image":{"@type":"ImageObject","inLanguage":"ca","@id":"https:\/\/secure.gravatar.com\/avatar\/a775623430216bd5424016f1018890920fc13a9d964465c6c4133310bf4e30a2?s=96&d=mm&r=g","url":"https:\/\/secure.gravatar.com\/avatar\/a775623430216bd5424016f1018890920fc13a9d964465c6c4133310bf4e30a2?s=96&d=mm&r=g","contentUrl":"https:\/\/secure.gravatar.com\/avatar\/a775623430216bd5424016f1018890920fc13a9d964465c6c4133310bf4e30a2?s=96&d=mm&r=g","caption":"admin"},"url":"https:\/\/moblesbaltasar.com\/ca\/author\/admin\/"}]}},"_links":{"self":[{"href":"https:\/\/moblesbaltasar.com\/ca\/wp-json\/wp\/v2\/posts\/2746","targetHints":{"allow":["GET"]}}],"collection":[{"href":"https:\/\/moblesbaltasar.com\/ca\/wp-json\/wp\/v2\/posts"}],"about":[{"href":"https:\/\/moblesbaltasar.com\/ca\/wp-json\/wp\/v2\/types\/post"}],"author":[{"embeddable":true,"href":"https:\/\/moblesbaltasar.com\/ca\/wp-json\/wp\/v2\/users\/2"}],"replies":[{"embeddable":true,"href":"https:\/\/moblesbaltasar.com\/ca\/wp-json\/wp\/v2\/comments?post=2746"}],"version-history":[{"count":12,"href":"https:\/\/moblesbaltasar.com\/ca\/wp-json\/wp\/v2\/posts\/2746\/revisions"}],"predecessor-version":[{"id":2777,"href":"https:\/\/moblesbaltasar.com\/ca\/wp-json\/wp\/v2\/posts\/2746\/revisions\/2777"}],"wp:featuredmedia":[{"embeddable":true,"href":"https:\/\/moblesbaltasar.com\/ca\/wp-json\/wp\/v2\/media\/2776"}],"wp:attachment":[{"href":"https:\/\/moblesbaltasar.com\/ca\/wp-json\/wp\/v2\/media?parent=2746"}],"wp:term":[{"taxonomy":"category","embeddable":true,"href":"https:\/\/moblesbaltasar.com\/ca\/wp-json\/wp\/v2\/categories?post=2746"},{"taxonomy":"post_tag","embeddable":true,"href":"https:\/\/moblesbaltasar.com\/ca\/wp-json\/wp\/v2\/tags?post=2746"}],"curies":[{"name":"wp","href":"https:\/\/api.w.org\/{rel}","templated":true}]}}