{"id":704,"date":"2023-10-10T17:13:32","date_gmt":"2023-10-10T15:13:32","guid":{"rendered":"https:\/\/moblesbaltasar.panelserver.org\/?p=704"},"modified":"2023-10-10T17:33:16","modified_gmt":"2023-10-10T15:33:16","slug":"un-nuevo-ambiente-clave-nordica-luminosa-y-alistonados-de-roble","status":"publish","type":"post","link":"https:\/\/moblesbaltasar.com\/ca\/un-nuevo-ambiente-clave-nordica-luminosa-y-alistonados-de-roble\/","title":{"rendered":"Un nuevo ambiente: clave n\u00f3rdica, luminosa y alistonados de roble."},"content":{"rendered":"<div data-elementor-type=\"wp-post\" data-elementor-id=\"704\" class=\"elementor elementor-704\" data-elementor-post-type=\"post\">\n\t\t\t\t\t\t<section class=\"elementor-section elementor-top-section elementor-element elementor-element-97c8f0b elementor-section-full_width elementor-section-height-default elementor-section-height-default\" data-id=\"97c8f0b\" data-element_type=\"section\" data-e-type=\"section\">\n\t\t\t\t\t\t<div class=\"elementor-container elementor-column-gap-default\">\n\t\t\t\t\t<div class=\"elementor-column elementor-col-100 elementor-top-column elementor-element elementor-element-1fedfbe\" data-id=\"1fedfbe\" data-element_type=\"column\" data-e-type=\"column\">\n\t\t\t<div class=\"elementor-widget-wrap elementor-element-populated\">\n\t\t\t\t\t\t<div class=\"elementor-element elementor-element-c0e596d elementor-widget elementor-widget-spacer\" data-id=\"c0e596d\" data-element_type=\"widget\" data-e-type=\"widget\" data-widget_type=\"spacer.default\">\n\t\t\t\t<div class=\"elementor-widget-container\">\n\t\t\t\t\t\t\t<div class=\"elementor-spacer\">\n\t\t\t<div class=\"elementor-spacer-inner\"><\/div>\n\t\t<\/div>\n\t\t\t\t\t\t<\/div>\n\t\t\t\t<\/div>\n\t\t\t\t<div class=\"elementor-element elementor-element-eb922be elementor-widget elementor-widget-heading\" data-id=\"eb922be\" data-element_type=\"widget\" data-e-type=\"widget\" data-widget_type=\"heading.default\">\n\t\t\t\t<div class=\"elementor-widget-container\">\n\t\t\t\t\t<h6 class=\"elementor-heading-title elementor-size-default\">Cita del reconocido arquitecto y dise\u00f1ador finland\u00e9s Alvar Aalto que aborda la esencia del dise\u00f1o n\u00f3rdico:<\/h6>\t\t\t\t<\/div>\n\t\t\t\t<\/div>\n\t\t\t\t<div class=\"elementor-element elementor-element-9e4a872 elementor-blockquote--skin-border elementor-blockquote--button-color-official elementor-widget elementor-widget-blockquote\" data-id=\"9e4a872\" data-element_type=\"widget\" data-e-type=\"widget\" data-widget_type=\"blockquote.default\">\n\t\t\t\t<div class=\"elementor-widget-container\">\n\t\t\t\t\t\t\t<blockquote class=\"elementor-blockquote\">\n\t\t\t<p class=\"elementor-blockquote__content\">\n\t\t\t\tEl dise\u00f1o n\u00f3rdico tiene una conexi\u00f3n profunda con la naturaleza. Busca la armon\u00eda entre la funcionalidad, la simplicidad y la belleza. Se inspira en la pureza de las formas naturales y en la luz que irradia la regi\u00f3n n\u00f3rdica. Es un equilibrio entre lo pr\u00e1ctico y lo est\u00e9tico, donde cada elemento cuenta una historia en s\u00ed mismo\t\t\t<\/p>\n\t\t\t\t\t\t\t<div class=\"e-q-footer\">\n\t\t\t\t\t\t\t\t\t\t\t<cite class=\"elementor-blockquote__author\">Alvar Aalto<\/cite>\n\t\t\t\t\t\t\t\t\t\t\t\t\t\t<\/div>\n\t\t\t\t\t<\/blockquote>\n\t\t\t\t\t\t<\/div>\n\t\t\t\t<\/div>\n\t\t\t\t<div class=\"elementor-element elementor-element-5a1808d elementor-widget elementor-widget-spacer\" data-id=\"5a1808d\" data-element_type=\"widget\" data-e-type=\"widget\" data-widget_type=\"spacer.default\">\n\t\t\t\t<div class=\"elementor-widget-container\">\n\t\t\t\t\t\t\t<div class=\"elementor-spacer\">\n\t\t\t<div class=\"elementor-spacer-inner\"><\/div>\n\t\t<\/div>\n\t\t\t\t\t\t<\/div>\n\t\t\t\t<\/div>\n\t\t\t\t<div class=\"elementor-element elementor-element-2f4b514 elementor-widget elementor-widget-text-editor\" data-id=\"2f4b514\" data-element_type=\"widget\" data-e-type=\"widget\" data-widget_type=\"text-editor.default\">\n\t\t\t\t<div class=\"elementor-widget-container\">\n\t\t\t\t\t\t\t\t\t<p>En este emocionante proyecto, nuestro cliente comparti\u00f3 su amor por la\u00a0<strong>madera de roble<\/strong>, pero tambi\u00e9n expres\u00f3 su deseo de evitar que el comedor adquiriera un aspecto demasiado r\u00fastico. Con esta premisa en mente, creamos un dise\u00f1o que equilibrara la\u00a0<em>belleza de la madera<\/em>\u00a0con un toque de\u00a0<em>modernidad y sofisticaci\u00f3n<\/em>.<\/p><p>La clave para lograr este equilibrio radic\u00f3 en la combinaci\u00f3n de tonos y materiales. Elegimos\u00a0<strong>tonos de madera y negros <\/strong>que se\u00a0<em>complementaron perfectamente<\/em>\u00a0con\u00a0<strong>tonos<\/strong>\u00a0<strong>blancos<\/strong>. Esta paleta de colores contrastantes permiti\u00f3 estilizar el ambiente, manteniendo la\u00a0<em>calidez de la madera de roble sin que se sintiera demasiado r\u00fastica<\/em>.<\/p><p>La\u00a0<strong>iluminaci\u00f3n indirecta<\/strong>\u00a0tiene un papel fundamental en la creaci\u00f3n de un\u00a0<em>ambiente elegante y acogedor<\/em>. La\u00a0<em>luz suave y difusa<\/em>\u00a0agreg\u00f3 un toque de intimidad y resalt\u00f3 los detalles del dise\u00f1o, creando un\u00a0<em>ambiente c\u00f3modo y atractivo.<\/em><\/p><p>Para dar profundidad y un toque de inter\u00e9s al comedor, incorporamos\u00a0<strong>listones de madera<\/strong>\u00a0<strong>y un<\/strong>\u00a0<strong>espejo<\/strong>\u00a0estrat\u00e9gicamente ubicado. Estos elementos se convirtieron en el\u00a0<em>punto focal del espacio<\/em>, atrayendo la\u00a0<em>atenci\u00f3n<\/em>\u00a0y agregando\u00a0<em>car\u00e1cter y personalidad al comedor.<\/em><\/p><p>El resultado final es un comedor que combina la\u00a0<strong>pasi\u00f3n por la madera de roble<\/strong>\u00a0con la\u00a0<strong>sofisticaci\u00f3n moderna<\/strong>. Logramos un equilibrio armonioso entre los\u00a0<em>elementos r\u00fasticos y contempor\u00e1neos<\/em>, creando un ambiente que es a la vez\u00a0<em>acogedor y estilizado.<\/em><\/p>\t\t\t\t\t\t\t\t<\/div>\n\t\t\t\t<\/div>\n\t\t\t\t<div class=\"elementor-element elementor-element-d849ed5 elementor-widget elementor-widget-spacer\" data-id=\"d849ed5\" data-element_type=\"widget\" data-e-type=\"widget\" data-widget_type=\"spacer.default\">\n\t\t\t\t<div class=\"elementor-widget-container\">\n\t\t\t\t\t\t\t<div class=\"elementor-spacer\">\n\t\t\t<div class=\"elementor-spacer-inner\"><\/div>\n\t\t<\/div>\n\t\t\t\t\t\t<\/div>\n\t\t\t\t<\/div>\n\t\t\t\t<div class=\"elementor-element elementor-element-41b6303 elementor-widget elementor-widget-gallery\" data-id=\"41b6303\" data-element_type=\"widget\" data-e-type=\"widget\" data-settings=\"{&quot;gallery_layout&quot;:&quot;masonry&quot;,&quot;columns&quot;:2,&quot;lazyload&quot;:&quot;yes&quot;,&quot;columns_tablet&quot;:2,&quot;columns_mobile&quot;:1,&quot;gap&quot;:{&quot;unit&quot;:&quot;px&quot;,&quot;size&quot;:10,&quot;sizes&quot;:[]},&quot;gap_tablet&quot;:{&quot;unit&quot;:&quot;px&quot;,&quot;size&quot;:10,&quot;sizes&quot;:[]},&quot;gap_mobile&quot;:{&quot;unit&quot;:&quot;px&quot;,&quot;size&quot;:10,&quot;sizes&quot;:[]},&quot;link_to&quot;:&quot;file&quot;,&quot;overlay_background&quot;:&quot;yes&quot;,&quot;content_hover_animation&quot;:&quot;fade-in&quot;}\" data-widget_type=\"gallery.default\">\n\t\t\t\t<div class=\"elementor-widget-container\">\n\t\t\t\t\t\t\t<div class=\"elementor-gallery__container\">\n\t\t\t\t\t\t\t<a class=\"e-gallery-item elementor-gallery-item elementor-animated-content\" href=\"https:\/\/moblesbaltasar.com\/wp-content\/uploads\/2023\/06\/Y5A2763copy.jpg\" data-elementor-open-lightbox=\"yes\" data-elementor-lightbox-slideshow=\"41b6303\" data-e-action-hash=\"#elementor-action%3Aaction%3Dlightbox%26settings%3DeyJpZCI6NzEyLCJ1cmwiOiJodHRwczpcL1wvbW9ibGVzYmFsdGFzYXIuY29tXC93cC1jb250ZW50XC91cGxvYWRzXC8yMDIzXC8wNlwvWTVBMjc2M2NvcHkuanBnIiwic2xpZGVzaG93IjoiNDFiNjMwMyJ9\">\n\t\t\t\t\t<div class=\"e-gallery-image elementor-gallery-item__image\" data-thumbnail=\"https:\/\/moblesbaltasar.com\/wp-content\/uploads\/2023\/06\/Y5A2763copy.jpg\" data-width=\"667\" data-height=\"1000\" aria-label=\"\" role=\"img\" ><\/div>\n\t\t\t\t\t\t\t\t\t\t\t<div class=\"elementor-gallery-item__overlay\"><\/div>\n\t\t\t\t\t\t\t\t\t\t\t\t\t\t<\/a>\n\t\t\t\t\t\t\t<a class=\"e-gallery-item elementor-gallery-item elementor-animated-content\" href=\"https:\/\/moblesbaltasar.com\/wp-content\/uploads\/2023\/06\/Y5A2751copy.jpg\" data-elementor-open-lightbox=\"yes\" data-elementor-lightbox-slideshow=\"41b6303\" data-e-action-hash=\"#elementor-action%3Aaction%3Dlightbox%26settings%3DeyJpZCI6NzEzLCJ1cmwiOiJodHRwczpcL1wvbW9ibGVzYmFsdGFzYXIuY29tXC93cC1jb250ZW50XC91cGxvYWRzXC8yMDIzXC8wNlwvWTVBMjc1MWNvcHkuanBnIiwic2xpZGVzaG93IjoiNDFiNjMwMyJ9\">\n\t\t\t\t\t<div class=\"e-gallery-image elementor-gallery-item__image\" data-thumbnail=\"https:\/\/moblesbaltasar.com\/wp-content\/uploads\/2023\/06\/Y5A2751copy.jpg\" data-width=\"1500\" data-height=\"1000\" aria-label=\"\" role=\"img\" ><\/div>\n\t\t\t\t\t\t\t\t\t\t\t<div class=\"elementor-gallery-item__overlay\"><\/div>\n\t\t\t\t\t\t\t\t\t\t\t\t\t\t<\/a>\n\t\t\t\t\t\t\t<a class=\"e-gallery-item elementor-gallery-item elementor-animated-content\" href=\"https:\/\/moblesbaltasar.com\/wp-content\/uploads\/2023\/06\/Y5A2779copy.jpg\" data-elementor-open-lightbox=\"yes\" data-elementor-lightbox-slideshow=\"41b6303\" data-e-action-hash=\"#elementor-action%3Aaction%3Dlightbox%26settings%3DeyJpZCI6NzE0LCJ1cmwiOiJodHRwczpcL1wvbW9ibGVzYmFsdGFzYXIuY29tXC93cC1jb250ZW50XC91cGxvYWRzXC8yMDIzXC8wNlwvWTVBMjc3OWNvcHkuanBnIiwic2xpZGVzaG93IjoiNDFiNjMwMyJ9\">\n\t\t\t\t\t<div class=\"e-gallery-image elementor-gallery-item__image\" data-thumbnail=\"https:\/\/moblesbaltasar.com\/wp-content\/uploads\/2023\/06\/Y5A2779copy.jpg\" data-width=\"1500\" data-height=\"1000\" aria-label=\"\" role=\"img\" ><\/div>\n\t\t\t\t\t\t\t\t\t\t\t<div class=\"elementor-gallery-item__overlay\"><\/div>\n\t\t\t\t\t\t\t\t\t\t\t\t\t\t<\/a>\n\t\t\t\t\t\t\t<a class=\"e-gallery-item elementor-gallery-item elementor-animated-content\" href=\"https:\/\/moblesbaltasar.com\/wp-content\/uploads\/2023\/06\/Y5A2766copy.jpg\" data-elementor-open-lightbox=\"yes\" data-elementor-lightbox-slideshow=\"41b6303\" data-e-action-hash=\"#elementor-action%3Aaction%3Dlightbox%26settings%3DeyJpZCI6NzE1LCJ1cmwiOiJodHRwczpcL1wvbW9ibGVzYmFsdGFzYXIuY29tXC93cC1jb250ZW50XC91cGxvYWRzXC8yMDIzXC8wNlwvWTVBMjc2NmNvcHkuanBnIiwic2xpZGVzaG93IjoiNDFiNjMwMyJ9\">\n\t\t\t\t\t<div class=\"e-gallery-image elementor-gallery-item__image\" data-thumbnail=\"https:\/\/moblesbaltasar.com\/wp-content\/uploads\/2023\/06\/Y5A2766copy.jpg\" data-width=\"1500\" data-height=\"1000\" aria-label=\"\" role=\"img\" ><\/div>\n\t\t\t\t\t\t\t\t\t\t\t<div class=\"elementor-gallery-item__overlay\"><\/div>\n\t\t\t\t\t\t\t\t\t\t\t\t\t\t<\/a>\n\t\t\t\t\t\t\t<a class=\"e-gallery-item elementor-gallery-item elementor-animated-content\" href=\"https:\/\/moblesbaltasar.com\/wp-content\/uploads\/2023\/06\/Y5A2830copy.jpg\" data-elementor-open-lightbox=\"yes\" data-elementor-lightbox-slideshow=\"41b6303\" data-e-action-hash=\"#elementor-action%3Aaction%3Dlightbox%26settings%3DeyJpZCI6NzE2LCJ1cmwiOiJodHRwczpcL1wvbW9ibGVzYmFsdGFzYXIuY29tXC93cC1jb250ZW50XC91cGxvYWRzXC8yMDIzXC8wNlwvWTVBMjgzMGNvcHkuanBnIiwic2xpZGVzaG93IjoiNDFiNjMwMyJ9\">\n\t\t\t\t\t<div class=\"e-gallery-image elementor-gallery-item__image\" data-thumbnail=\"https:\/\/moblesbaltasar.com\/wp-content\/uploads\/2023\/06\/Y5A2830copy.jpg\" data-width=\"667\" data-height=\"1000\" aria-label=\"\" role=\"img\" ><\/div>\n\t\t\t\t\t\t\t\t\t\t\t<div class=\"elementor-gallery-item__overlay\"><\/div>\n\t\t\t\t\t\t\t\t\t\t\t\t\t\t<\/a>\n\t\t\t\t\t<\/div>\n\t\t\t\t\t<\/div>\n\t\t\t\t<\/div>\n\t\t\t\t\t<\/div>\n\t\t<\/div>\n\t\t\t\t\t<\/div>\n\t\t<\/section>\n\t\t\t\t<\/div>","protected":false},"excerpt":{"rendered":"<p>El dise\u00f1o n\u00f3rdico tiene una conexi\u00f3n profunda con la naturaleza. Busca la armon\u00eda entre la funcionalidad, la simplicidad y la belleza&#8230;<\/p>","protected":false},"author":2,"featured_media":2717,"comment_status":"closed","ping_status":"closed","sticky":false,"template":"","format":"standard","meta":{"footnotes":""},"categories":[1],"tags":[23],"class_list":["post-704","post","type-post","status-publish","format-standard","has-post-thumbnail","hentry","category-uncategorized","tag-proyectos"],"yoast_head":"<!-- This site is optimized with the Yoast SEO plugin v27.5 - https:\/\/yoast.com\/product\/yoast-seo-wordpress\/ -->\n<title>Un nuevo ambiente: clave n\u00f3rdica, luminosa y alistonados de roble. - Mobles Baltasar<\/title>\n<meta name=\"robots\" content=\"index, follow, max-snippet:-1, max-image-preview:large, max-video-preview:-1\" \/>\n<link rel=\"canonical\" href=\"https:\/\/moblesbaltasar.com\/ca\/un-nuevo-ambiente-clave-nordica-luminosa-y-alistonados-de-roble\/\" \/>\n<meta property=\"og:locale\" content=\"ca_ES\" \/>\n<meta property=\"og:type\" content=\"article\" \/>\n<meta property=\"og:title\" content=\"Un nuevo ambiente: clave n\u00f3rdica, luminosa y alistonados de roble. - Mobles Baltasar\" \/>\n<meta property=\"og:description\" content=\"El dise\u00f1o n\u00f3rdico tiene una conexi\u00f3n profunda con la naturaleza. Busca la armon\u00eda entre la funcionalidad, la simplicidad y la belleza...\" \/>\n<meta property=\"og:url\" content=\"https:\/\/moblesbaltasar.com\/ca\/un-nuevo-ambiente-clave-nordica-luminosa-y-alistonados-de-roble\/\" \/>\n<meta property=\"og:site_name\" content=\"Mobles Baltasar\" \/>\n<meta property=\"article:published_time\" content=\"2023-10-10T15:13:32+00:00\" \/>\n<meta property=\"article:modified_time\" content=\"2023-10-10T15:33:16+00:00\" \/>\n<meta property=\"og:image\" content=\"https:\/\/moblesbaltasar.com\/wp-content\/uploads\/2023\/06\/destacada-projecte11-1024x1024.jpg\" \/>\n\t<meta property=\"og:image:width\" content=\"1024\" \/>\n\t<meta property=\"og:image:height\" content=\"1024\" \/>\n\t<meta property=\"og:image:type\" content=\"image\/jpeg\" \/>\n<meta name=\"author\" content=\"admin\" \/>\n<meta name=\"twitter:card\" content=\"summary_large_image\" \/>\n<meta name=\"twitter:label1\" content=\"Escrit per\" \/>\n\t<meta name=\"twitter:data1\" content=\"admin\" \/>\n\t<meta name=\"twitter:label2\" content=\"Temps estimat de lectura\" \/>\n\t<meta name=\"twitter:data2\" content=\"2 minuts\" \/>\n<script type=\"application\/ld+json\" class=\"yoast-schema-graph\">{\"@context\":\"https:\\\/\\\/schema.org\",\"@graph\":[{\"@type\":\"Article\",\"@id\":\"https:\\\/\\\/moblesbaltasar.com\\\/un-nuevo-ambiente-clave-nordica-luminosa-y-alistonados-de-roble\\\/#article\",\"isPartOf\":{\"@id\":\"https:\\\/\\\/moblesbaltasar.com\\\/un-nuevo-ambiente-clave-nordica-luminosa-y-alistonados-de-roble\\\/\"},\"author\":{\"name\":\"admin\",\"@id\":\"https:\\\/\\\/moblesbaltasar.com\\\/#\\\/schema\\\/person\\\/ebc49c22cf82e3f0785c16c9efd6b5fe\"},\"headline\":\"Un nuevo ambiente: clave n\u00f3rdica, luminosa y alistonados de roble.\",\"datePublished\":\"2023-10-10T15:13:32+00:00\",\"dateModified\":\"2023-10-10T15:33:16+00:00\",\"mainEntityOfPage\":{\"@id\":\"https:\\\/\\\/moblesbaltasar.com\\\/un-nuevo-ambiente-clave-nordica-luminosa-y-alistonados-de-roble\\\/\"},\"wordCount\":334,\"publisher\":{\"@id\":\"https:\\\/\\\/moblesbaltasar.com\\\/#organization\"},\"image\":{\"@id\":\"https:\\\/\\\/moblesbaltasar.com\\\/un-nuevo-ambiente-clave-nordica-luminosa-y-alistonados-de-roble\\\/#primaryimage\"},\"thumbnailUrl\":\"https:\\\/\\\/moblesbaltasar.com\\\/wp-content\\\/uploads\\\/2023\\\/06\\\/destacada-projecte11.jpg\",\"keywords\":[\"Proyectos\"],\"articleSection\":[\"Uncategorized\"],\"inLanguage\":\"ca\"},{\"@type\":\"WebPage\",\"@id\":\"https:\\\/\\\/moblesbaltasar.com\\\/un-nuevo-ambiente-clave-nordica-luminosa-y-alistonados-de-roble\\\/\",\"url\":\"https:\\\/\\\/moblesbaltasar.com\\\/un-nuevo-ambiente-clave-nordica-luminosa-y-alistonados-de-roble\\\/\",\"name\":\"Un nuevo ambiente: clave n\u00f3rdica, luminosa y alistonados de roble. - Mobles Baltasar\",\"isPartOf\":{\"@id\":\"https:\\\/\\\/moblesbaltasar.com\\\/#website\"},\"primaryImageOfPage\":{\"@id\":\"https:\\\/\\\/moblesbaltasar.com\\\/un-nuevo-ambiente-clave-nordica-luminosa-y-alistonados-de-roble\\\/#primaryimage\"},\"image\":{\"@id\":\"https:\\\/\\\/moblesbaltasar.com\\\/un-nuevo-ambiente-clave-nordica-luminosa-y-alistonados-de-roble\\\/#primaryimage\"},\"thumbnailUrl\":\"https:\\\/\\\/moblesbaltasar.com\\\/wp-content\\\/uploads\\\/2023\\\/06\\\/destacada-projecte11.jpg\",\"datePublished\":\"2023-10-10T15:13:32+00:00\",\"dateModified\":\"2023-10-10T15:33:16+00:00\",\"breadcrumb\":{\"@id\":\"https:\\\/\\\/moblesbaltasar.com\\\/un-nuevo-ambiente-clave-nordica-luminosa-y-alistonados-de-roble\\\/#breadcrumb\"},\"inLanguage\":\"ca\",\"potentialAction\":[{\"@type\":\"ReadAction\",\"target\":[\"https:\\\/\\\/moblesbaltasar.com\\\/un-nuevo-ambiente-clave-nordica-luminosa-y-alistonados-de-roble\\\/\"]}]},{\"@type\":\"ImageObject\",\"inLanguage\":\"ca\",\"@id\":\"https:\\\/\\\/moblesbaltasar.com\\\/un-nuevo-ambiente-clave-nordica-luminosa-y-alistonados-de-roble\\\/#primaryimage\",\"url\":\"https:\\\/\\\/moblesbaltasar.com\\\/wp-content\\\/uploads\\\/2023\\\/06\\\/destacada-projecte11.jpg\",\"contentUrl\":\"https:\\\/\\\/moblesbaltasar.com\\\/wp-content\\\/uploads\\\/2023\\\/06\\\/destacada-projecte11.jpg\",\"width\":1920,\"height\":1920},{\"@type\":\"BreadcrumbList\",\"@id\":\"https:\\\/\\\/moblesbaltasar.com\\\/un-nuevo-ambiente-clave-nordica-luminosa-y-alistonados-de-roble\\\/#breadcrumb\",\"itemListElement\":[{\"@type\":\"ListItem\",\"position\":1,\"name\":\"Portada\",\"item\":\"https:\\\/\\\/moblesbaltasar.com\\\/\"},{\"@type\":\"ListItem\",\"position\":2,\"name\":\"Un nuevo ambiente: clave n\u00f3rdica, luminosa y alistonados de roble.\"}]},{\"@type\":\"WebSite\",\"@id\":\"https:\\\/\\\/moblesbaltasar.com\\\/#website\",\"url\":\"https:\\\/\\\/moblesbaltasar.com\\\/\",\"name\":\"Mobles Baltasar\",\"description\":\"El sitio d\u00f3nde se empieza a crear tu espacio\",\"publisher\":{\"@id\":\"https:\\\/\\\/moblesbaltasar.com\\\/#organization\"},\"potentialAction\":[{\"@type\":\"SearchAction\",\"target\":{\"@type\":\"EntryPoint\",\"urlTemplate\":\"https:\\\/\\\/moblesbaltasar.com\\\/?s={search_term_string}\"},\"query-input\":{\"@type\":\"PropertyValueSpecification\",\"valueRequired\":true,\"valueName\":\"search_term_string\"}}],\"inLanguage\":\"ca\"},{\"@type\":\"Organization\",\"@id\":\"https:\\\/\\\/moblesbaltasar.com\\\/#organization\",\"name\":\"Mobles Baltasar\",\"url\":\"https:\\\/\\\/moblesbaltasar.com\\\/\",\"logo\":{\"@type\":\"ImageObject\",\"inLanguage\":\"ca\",\"@id\":\"https:\\\/\\\/moblesbaltasar.com\\\/#\\\/schema\\\/logo\\\/image\\\/\",\"url\":\"https:\\\/\\\/moblesbaltasar.com\\\/wp-content\\\/uploads\\\/2023\\\/07\\\/Mobles-Baltasar-logo-verd-fort.png\",\"contentUrl\":\"https:\\\/\\\/moblesbaltasar.com\\\/wp-content\\\/uploads\\\/2023\\\/07\\\/Mobles-Baltasar-logo-verd-fort.png\",\"width\":400,\"height\":93,\"caption\":\"Mobles Baltasar\"},\"image\":{\"@id\":\"https:\\\/\\\/moblesbaltasar.com\\\/#\\\/schema\\\/logo\\\/image\\\/\"}},{\"@type\":\"Person\",\"@id\":\"https:\\\/\\\/moblesbaltasar.com\\\/#\\\/schema\\\/person\\\/ebc49c22cf82e3f0785c16c9efd6b5fe\",\"name\":\"admin\",\"image\":{\"@type\":\"ImageObject\",\"inLanguage\":\"ca\",\"@id\":\"https:\\\/\\\/secure.gravatar.com\\\/avatar\\\/a775623430216bd5424016f1018890920fc13a9d964465c6c4133310bf4e30a2?s=96&d=mm&r=g\",\"url\":\"https:\\\/\\\/secure.gravatar.com\\\/avatar\\\/a775623430216bd5424016f1018890920fc13a9d964465c6c4133310bf4e30a2?s=96&d=mm&r=g\",\"contentUrl\":\"https:\\\/\\\/secure.gravatar.com\\\/avatar\\\/a775623430216bd5424016f1018890920fc13a9d964465c6c4133310bf4e30a2?s=96&d=mm&r=g\",\"caption\":\"admin\"},\"url\":\"https:\\\/\\\/moblesbaltasar.com\\\/ca\\\/author\\\/admin\\\/\"}]}<\/script>\n<!-- \/ Yoast SEO plugin. -->","yoast_head_json":{"title":"Un nuevo ambiente: clave n\u00f3rdica, luminosa y alistonados de roble. - Mobles Baltasar","robots":{"index":"index","follow":"follow","max-snippet":"max-snippet:-1","max-image-preview":"max-image-preview:large","max-video-preview":"max-video-preview:-1"},"canonical":"https:\/\/moblesbaltasar.com\/ca\/un-nuevo-ambiente-clave-nordica-luminosa-y-alistonados-de-roble\/","og_locale":"ca_ES","og_type":"article","og_title":"Un nuevo ambiente: clave n\u00f3rdica, luminosa y alistonados de roble. - Mobles Baltasar","og_description":"El dise\u00f1o n\u00f3rdico tiene una conexi\u00f3n profunda con la naturaleza. Busca la armon\u00eda entre la funcionalidad, la simplicidad y la belleza...","og_url":"https:\/\/moblesbaltasar.com\/ca\/un-nuevo-ambiente-clave-nordica-luminosa-y-alistonados-de-roble\/","og_site_name":"Mobles Baltasar","article_published_time":"2023-10-10T15:13:32+00:00","article_modified_time":"2023-10-10T15:33:16+00:00","og_image":[{"width":1024,"height":1024,"url":"https:\/\/moblesbaltasar.com\/wp-content\/uploads\/2023\/06\/destacada-projecte11-1024x1024.jpg","type":"image\/jpeg"}],"author":"admin","twitter_card":"summary_large_image","twitter_misc":{"Escrit per":"admin","Temps estimat de lectura":"2 minuts"},"schema":{"@context":"https:\/\/schema.org","@graph":[{"@type":"Article","@id":"https:\/\/moblesbaltasar.com\/un-nuevo-ambiente-clave-nordica-luminosa-y-alistonados-de-roble\/#article","isPartOf":{"@id":"https:\/\/moblesbaltasar.com\/un-nuevo-ambiente-clave-nordica-luminosa-y-alistonados-de-roble\/"},"author":{"name":"admin","@id":"https:\/\/moblesbaltasar.com\/#\/schema\/person\/ebc49c22cf82e3f0785c16c9efd6b5fe"},"headline":"Un nuevo ambiente: clave n\u00f3rdica, luminosa y alistonados de roble.","datePublished":"2023-10-10T15:13:32+00:00","dateModified":"2023-10-10T15:33:16+00:00","mainEntityOfPage":{"@id":"https:\/\/moblesbaltasar.com\/un-nuevo-ambiente-clave-nordica-luminosa-y-alistonados-de-roble\/"},"wordCount":334,"publisher":{"@id":"https:\/\/moblesbaltasar.com\/#organization"},"image":{"@id":"https:\/\/moblesbaltasar.com\/un-nuevo-ambiente-clave-nordica-luminosa-y-alistonados-de-roble\/#primaryimage"},"thumbnailUrl":"https:\/\/moblesbaltasar.com\/wp-content\/uploads\/2023\/06\/destacada-projecte11.jpg","keywords":["Proyectos"],"articleSection":["Uncategorized"],"inLanguage":"ca"},{"@type":"WebPage","@id":"https:\/\/moblesbaltasar.com\/un-nuevo-ambiente-clave-nordica-luminosa-y-alistonados-de-roble\/","url":"https:\/\/moblesbaltasar.com\/un-nuevo-ambiente-clave-nordica-luminosa-y-alistonados-de-roble\/","name":"Un nuevo ambiente: clave n\u00f3rdica, luminosa y alistonados de roble. - Mobles Baltasar","isPartOf":{"@id":"https:\/\/moblesbaltasar.com\/#website"},"primaryImageOfPage":{"@id":"https:\/\/moblesbaltasar.com\/un-nuevo-ambiente-clave-nordica-luminosa-y-alistonados-de-roble\/#primaryimage"},"image":{"@id":"https:\/\/moblesbaltasar.com\/un-nuevo-ambiente-clave-nordica-luminosa-y-alistonados-de-roble\/#primaryimage"},"thumbnailUrl":"https:\/\/moblesbaltasar.com\/wp-content\/uploads\/2023\/06\/destacada-projecte11.jpg","datePublished":"2023-10-10T15:13:32+00:00","dateModified":"2023-10-10T15:33:16+00:00","breadcrumb":{"@id":"https:\/\/moblesbaltasar.com\/un-nuevo-ambiente-clave-nordica-luminosa-y-alistonados-de-roble\/#breadcrumb"},"inLanguage":"ca","potentialAction":[{"@type":"ReadAction","target":["https:\/\/moblesbaltasar.com\/un-nuevo-ambiente-clave-nordica-luminosa-y-alistonados-de-roble\/"]}]},{"@type":"ImageObject","inLanguage":"ca","@id":"https:\/\/moblesbaltasar.com\/un-nuevo-ambiente-clave-nordica-luminosa-y-alistonados-de-roble\/#primaryimage","url":"https:\/\/moblesbaltasar.com\/wp-content\/uploads\/2023\/06\/destacada-projecte11.jpg","contentUrl":"https:\/\/moblesbaltasar.com\/wp-content\/uploads\/2023\/06\/destacada-projecte11.jpg","width":1920,"height":1920},{"@type":"BreadcrumbList","@id":"https:\/\/moblesbaltasar.com\/un-nuevo-ambiente-clave-nordica-luminosa-y-alistonados-de-roble\/#breadcrumb","itemListElement":[{"@type":"ListItem","position":1,"name":"Portada","item":"https:\/\/moblesbaltasar.com\/"},{"@type":"ListItem","position":2,"name":"Un nuevo ambiente: clave n\u00f3rdica, luminosa y alistonados de roble."}]},{"@type":"WebSite","@id":"https:\/\/moblesbaltasar.com\/#website","url":"https:\/\/moblesbaltasar.com\/","name":"Mobles Baltasar","description":"El sitio d\u00f3nde se empieza a crear tu espacio","publisher":{"@id":"https:\/\/moblesbaltasar.com\/#organization"},"potentialAction":[{"@type":"SearchAction","target":{"@type":"EntryPoint","urlTemplate":"https:\/\/moblesbaltasar.com\/?s={search_term_string}"},"query-input":{"@type":"PropertyValueSpecification","valueRequired":true,"valueName":"search_term_string"}}],"inLanguage":"ca"},{"@type":"Organization","@id":"https:\/\/moblesbaltasar.com\/#organization","name":"Mobles Baltasar","url":"https:\/\/moblesbaltasar.com\/","logo":{"@type":"ImageObject","inLanguage":"ca","@id":"https:\/\/moblesbaltasar.com\/#\/schema\/logo\/image\/","url":"https:\/\/moblesbaltasar.com\/wp-content\/uploads\/2023\/07\/Mobles-Baltasar-logo-verd-fort.png","contentUrl":"https:\/\/moblesbaltasar.com\/wp-content\/uploads\/2023\/07\/Mobles-Baltasar-logo-verd-fort.png","width":400,"height":93,"caption":"Mobles Baltasar"},"image":{"@id":"https:\/\/moblesbaltasar.com\/#\/schema\/logo\/image\/"}},{"@type":"Person","@id":"https:\/\/moblesbaltasar.com\/#\/schema\/person\/ebc49c22cf82e3f0785c16c9efd6b5fe","name":"admin","image":{"@type":"ImageObject","inLanguage":"ca","@id":"https:\/\/secure.gravatar.com\/avatar\/a775623430216bd5424016f1018890920fc13a9d964465c6c4133310bf4e30a2?s=96&d=mm&r=g","url":"https:\/\/secure.gravatar.com\/avatar\/a775623430216bd5424016f1018890920fc13a9d964465c6c4133310bf4e30a2?s=96&d=mm&r=g","contentUrl":"https:\/\/secure.gravatar.com\/avatar\/a775623430216bd5424016f1018890920fc13a9d964465c6c4133310bf4e30a2?s=96&d=mm&r=g","caption":"admin"},"url":"https:\/\/moblesbaltasar.com\/ca\/author\/admin\/"}]}},"_links":{"self":[{"href":"https:\/\/moblesbaltasar.com\/ca\/wp-json\/wp\/v2\/posts\/704","targetHints":{"allow":["GET"]}}],"collection":[{"href":"https:\/\/moblesbaltasar.com\/ca\/wp-json\/wp\/v2\/posts"}],"about":[{"href":"https:\/\/moblesbaltasar.com\/ca\/wp-json\/wp\/v2\/types\/post"}],"author":[{"embeddable":true,"href":"https:\/\/moblesbaltasar.com\/ca\/wp-json\/wp\/v2\/users\/2"}],"replies":[{"embeddable":true,"href":"https:\/\/moblesbaltasar.com\/ca\/wp-json\/wp\/v2\/comments?post=704"}],"version-history":[{"count":17,"href":"https:\/\/moblesbaltasar.com\/ca\/wp-json\/wp\/v2\/posts\/704\/revisions"}],"predecessor-version":[{"id":2718,"href":"https:\/\/moblesbaltasar.com\/ca\/wp-json\/wp\/v2\/posts\/704\/revisions\/2718"}],"wp:featuredmedia":[{"embeddable":true,"href":"https:\/\/moblesbaltasar.com\/ca\/wp-json\/wp\/v2\/media\/2717"}],"wp:attachment":[{"href":"https:\/\/moblesbaltasar.com\/ca\/wp-json\/wp\/v2\/media?parent=704"}],"wp:term":[{"taxonomy":"category","embeddable":true,"href":"https:\/\/moblesbaltasar.com\/ca\/wp-json\/wp\/v2\/categories?post=704"},{"taxonomy":"post_tag","embeddable":true,"href":"https:\/\/moblesbaltasar.com\/ca\/wp-json\/wp\/v2\/tags?post=704"}],"curies":[{"name":"wp","href":"https:\/\/api.w.org\/{rel}","templated":true}]}}